{"id":149750,"date":"2022-06-09T13:39:14","date_gmt":"2022-06-09T17:39:14","guid":{"rendered":"https:\/\/linitiative.ca\/International\/140944-oran-sera-un-pole-de-developpement-du-sport-algerien-apres-les-jm-2022\/"},"modified":"2022-06-09T13:39:14","modified_gmt":"2022-06-09T17:39:14","slug":"140944-oran-sera-un-pole-de-developpement-du-sport-algerien-apres-les-jm-2022","status":"publish","type":"post","link":"https:\/\/linitiative.ca\/International\/140944-oran-sera-un-pole-de-developpement-du-sport-algerien-apres-les-jm-2022\/","title":{"rendered":"Oran sera un p\u00f4le de d\u00e9veloppement du sport alg\u00e9rien apr\u00e8s les JM-2022"},"content":{"rendered":"<div>\n<div class=\"K2FeedIntroText\">\n<p><strong>ORAN &#8211; La wilaya d\u2019Oran, qui s\u2019appr\u00eate \u00e0 accueillir la 19e \u00e9dition des Jeux m\u00e9diterran\u00e9ens (JM), dispose d\u00e9sormais d\u2019infrastructures sportives qui lui permettent de devenir un v\u00e9ritable p\u00f4le de d\u00e9veloppement de plusieurs disciplines sportives en Alg\u00e9rie, a d\u00e9clar\u00e9 jeudi \u00e0 Oran, le pr\u00e9sident du Comit\u00e9 olympique et sportif alg\u00e9rien (COA), Abderrahmane Hammad.<\/strong><\/p>\n<\/div>\n<div class=\"K2FeedFullText\">\n<p>Lors d\u2019une conf\u00e9rence de presse anim\u00e9e \u00e0 l\u2019issue des travaux d\u2019une session extraordinaire du bureau ex\u00e9cutif du COA, Abderrahmane Hammad s\u2019est dit \u2018\u2019\u00e9pat\u00e9\u2019\u2019 par la qualit\u00e9 des infrastructures sportives r\u00e9alis\u00e9es \u00e0 Oran en pr\u00e9vision des JM.<\/p>\n<p>\u00ab\u00a0Il s\u2019agit d\u2019un acquis tr\u00e8s important pour le sport alg\u00e9rien et pour la ville d\u2019Oran. J\u2019esp\u00e8re que cet acquis sera exploit\u00e9 \u00e0 bon escient pour qu\u2019Oran devienne un p\u00f4le de d\u00e9veloppement de plusieurs disciplines sportives\u00a0\u00bb, a-t-il souhait\u00e9.<\/p>\n<p>Evoquant les JM, le patron du COA a tenu \u00e0 lever certaines zones d\u2019ombre concernant le r\u00f4le et les pr\u00e9rogatives assign\u00e9s \u00e0 son instance et qui consistent notamment en la r\u00e9union des moyens logistiques aux profits des athl\u00e8tes et leur assurer une bonne prise en charge sur le plan m\u00e9dical.<\/p>\n<p>\u00a0\u00bb La pr\u00e9paration des athl\u00e8tes et leurs performances sont du ressort des F\u00e9d\u00e9rations concern\u00e9es. Cela dit, je suis persuad\u00e9 que nos sportifs ont b\u00e9n\u00e9fici\u00e9 d\u2019une bonne pr\u00e9paration. Au jour d\u2019aujourd\u2019hui, il y en a encore des athl\u00e8tes qui poursuivent leurs pr\u00e9paratifs \u00e0 l\u2019\u00e9tranger\u00a0\u00bb, a-t-il insist\u00e9.<\/p>\n<p>Dans le m\u00eame ordre d\u2019id\u00e9es, l\u2019ancien champion alg\u00e9rien en athl\u00e9tisme a estim\u00e9 que l\u2019Alg\u00e9rie a des chances pour r\u00e9aliser de bons r\u00e9sultats dans certaines disciplines, lors des JM, avouant que le niveau des adversaires est plus \u00e9lev\u00e9 dans certains autres sports.<\/p>\n<p>Il a, en outre, assur\u00e9 que le COA est sur le point de boucler le dossier des \u00e9quipements sportifs et autres moyens logistiques au profit des membres de la d\u00e9l\u00e9gation alg\u00e9rienne concern\u00e9s par le rendez-vous sportif m\u00e9diterran\u00e9en.<\/p>\n<p>Par ailleurs, Abderrahmane Hammad a annonc\u00e9 que la d\u00e9l\u00e9gation alg\u00e9rienne commencera \u00e0 rejoindre le village m\u00e9diterran\u00e9en \u00e0 partir du 22 juin, soit trois jours avant la c\u00e9r\u00e9monie d\u2019ouverture de la manifestation que l\u2019Alg\u00e9rie organise pour la deuxi\u00e8me fois de son histoire apr\u00e8s avoir abrit\u00e9 \u00e0 Alger la 7e \u00e9dition en 1975.<\/p>\n<p>Le m\u00eame responsable esp\u00e8re aussi que les JM d\u2019Oran seront une occasion pour les diff\u00e9rentes f\u00e9d\u00e9rations nationales afin de nouer des contacts avec leurs homologues des pays participants en vue d\u2019\u00e9tablir des conventions d\u2019\u00e9changes et de coop\u00e9ration \u00e0 m\u00eame de permettre au sport national de progresser davantage.<\/p>\n<p>\u00a0\u00bb Les sites sportifs dont dispose Oran remplissent d\u2019ailleurs tous les crit\u00e8res pour accueillir des stages de haut niveau de s\u00e9lections \u00e9trang\u00e8res, une d\u00e9marche de laquelle nos sportifs tireront certainement profit\u00a0\u00bb, a-t-il encore dit, assurant au passage qu\u2019avant deux semaines du coup d\u2019envoi des JM, \u00ab\u00a0toutes les infrastructures sportives concern\u00e9es par l\u2019\u00e9v\u00e8nement sont pr\u00eates\u00a0\u00bb.<\/p>\n<\/div>\n<\/div>\n<p>Auteur:<br \/>\n<a href=\"https:\/\/www.aps.dz\/sport\/140944-oran-sera-un-pole-de-developpement-du-sport-algerien-apres-les-jm-2022\">Cliquez ici pour lire l&rsquo;article depuis sa source.<\/a><\/p>\n","protected":false},"excerpt":{"rendered":"<p>ORAN &#8211; La wilaya d\u2019Oran, qui s\u2019appr\u00eate \u00e0 accueillir la 19e \u00e9dition des Jeux m\u00e9diterran\u00e9ens (JM), dispose d\u00e9sormais d\u2019infrastructures sportives qui lui permettent de devenir un v\u00e9ritable p\u00f4le de d\u00e9veloppement de plusieurs disciplines sportives en Alg\u00e9rie, a d\u00e9clar\u00e9 jeudi \u00e0 Oran, le pr\u00e9sident du Comit\u00e9 olympique et sportif alg\u00e9rien (COA), Abderrahmane Hammad. Lors d\u2019une conf\u00e9rence [&hellip;]<\/p>\n","protected":false},"author":1790,"featured_media":0,"comment_status":"closed","ping_status":"closed","sticky":false,"template":"","format":"standard","meta":{"fifu_image_url":"","fifu_image_alt":"","footnotes":""},"categories":[53,75],"tags":[],"class_list":["post-149750","post","type-post","status-publish","format-standard","hentry","category-algerie","category-sport"],"_links":{"self":[{"href":"https:\/\/linitiative.ca\/International\/wp-json\/wp\/v2\/posts\/149750","targetHints":{"allow":["GET"]}}],"collection":[{"href":"https:\/\/linitiative.ca\/International\/wp-json\/wp\/v2\/posts"}],"about":[{"href":"https:\/\/linitiative.ca\/International\/wp-json\/wp\/v2\/types\/post"}],"author":[{"embeddable":true,"href":"https:\/\/linitiative.ca\/International\/wp-json\/wp\/v2\/users\/1790"}],"replies":[{"embeddable":true,"href":"https:\/\/linitiative.ca\/International\/wp-json\/wp\/v2\/comments?post=149750"}],"version-history":[{"count":0,"href":"https:\/\/linitiative.ca\/International\/wp-json\/wp\/v2\/posts\/149750\/revisions"}],"wp:attachment":[{"href":"https:\/\/linitiative.ca\/International\/wp-json\/wp\/v2\/media?parent=149750"}],"wp:term":[{"taxonomy":"category","embeddable":true,"href":"https:\/\/linitiative.ca\/International\/wp-json\/wp\/v2\/categories?post=149750"},{"taxonomy":"post_tag","embeddable":true,"href":"https:\/\/linitiative.ca\/International\/wp-json\/wp\/v2\/tags?post=149750"}],"curies":[{"name":"wp","href":"https:\/\/api.w.org\/{rel}","templated":true}]}}