{"id":149753,"date":"2022-06-09T05:45:00","date_gmt":"2022-06-09T09:45:00","guid":{"rendered":"https:\/\/linitiative.ca\/International\/abdelmajid-charfi-lesprit-la-lettre-et-les-fausses-evidences\/"},"modified":"2022-06-09T05:45:00","modified_gmt":"2022-06-09T09:45:00","slug":"abdelmajid-charfi-lesprit-la-lettre-et-les-fausses-evidences","status":"publish","type":"post","link":"https:\/\/linitiative.ca\/International\/abdelmajid-charfi-lesprit-la-lettre-et-les-fausses-evidences\/","title":{"rendered":"Abdelmajid Charfi: L\u2019esprit, la lettre et les fausses \u00e9vidences"},"content":{"rendered":"<div><img decoding=\"async\" src=\"https:\/\/linitiative.ca\/International\/wp-content\/uploads\/sites\/23\/2022\/06\/1654765876_article.jpg\" alt=\"Abdelmajid Charfi: L\u2019esprit, la lettre et les fausses \u00e9vidences\" align=\"left\">A peine lib\u00e9r\u00e9 de sa charge de pr\u00e9sident de l\u2019Acad\u00e9mie Beit al-Hikma en juin 2021, Abdelmajid Charfi est revenu \u00e0 l\u2019\u00e9criture. Reprendre un ouvrage inachev\u00e9 et r\u00e9unir en un volume des textes \u00e9pars, il partage une r\u00e9flexion \u00e9clairante sur l\u2019islam, \u00abloin des diktats des autorit\u00e9s \u00e9tablies et des slogans creux\u00bb. Coup sur coup, il publie en langue arabe Les fausses \u00e9vidences dans la pens\u00e9e islamique (Editions Mohammed Ali Hammi) et, en langue fran\u00e7aise,\u00a0 L\u2019esprit et la lettre (Sud Editions). La ligne directrice de ces deux livres rel\u00e8ve d\u2019une m\u00eame mission : lib\u00e9rer l\u2019islam des \u00abcl\u00f4tures dogmatiques\u00bb et les musulmans de la main- mise asservissante de certains &#8230;<\/p>\n<\/div>\n<p>Auteur:<br \/>\n<a href=\"https:\/\/www.leaders.com.tn\/article\/33461-abdelmajid-charfi-l-esprit-la-lettre-et-les-fausses-evidences\">Cliquez ici pour lire l&rsquo;article depuis sa source.<\/a><\/p>\n","protected":false},"excerpt":{"rendered":"<p>A peine lib\u00e9r\u00e9 de sa charge de pr\u00e9sident de l\u2019Acad\u00e9mie Beit al-Hikma en juin 2021, Abdelmajid Charfi est revenu \u00e0 l\u2019\u00e9criture. Reprendre un ouvrage inachev\u00e9 et r\u00e9unir en un volume des textes \u00e9pars, il partage une r\u00e9flexion \u00e9clairante sur l\u2019islam, \u00abloin des diktats des autorit\u00e9s \u00e9tablies et des slogans creux\u00bb. Coup sur coup, il publie [&hellip;]<\/p>\n","protected":false},"author":1772,"featured_media":0,"comment_status":"closed","ping_status":"closed","sticky":false,"template":"","format":"standard","meta":{"fifu_image_url":"http:\/\/www.leaders.com.tn\/uploads\/content\/thumbnails_small\/1654765876_article.jpg","fifu_image_alt":"Abdelmajid Charfi: L\u2019esprit, la lettre et les fausses \u00e9vidences","footnotes":""},"categories":[73,55],"tags":[],"class_list":["post-149753","post","type-post","status-publish","format-standard","hentry","category-actualite","category-tunisie"],"_links":{"self":[{"href":"https:\/\/linitiative.ca\/International\/wp-json\/wp\/v2\/posts\/149753","targetHints":{"allow":["GET"]}}],"collection":[{"href":"https:\/\/linitiative.ca\/International\/wp-json\/wp\/v2\/posts"}],"about":[{"href":"https:\/\/linitiative.ca\/International\/wp-json\/wp\/v2\/types\/post"}],"author":[{"embeddable":true,"href":"https:\/\/linitiative.ca\/International\/wp-json\/wp\/v2\/users\/1772"}],"replies":[{"embeddable":true,"href":"https:\/\/linitiative.ca\/International\/wp-json\/wp\/v2\/comments?post=149753"}],"version-history":[{"count":0,"href":"https:\/\/linitiative.ca\/International\/wp-json\/wp\/v2\/posts\/149753\/revisions"}],"wp:attachment":[{"href":"https:\/\/linitiative.ca\/International\/wp-json\/wp\/v2\/media?parent=149753"}],"wp:term":[{"taxonomy":"category","embeddable":true,"href":"https:\/\/linitiative.ca\/International\/wp-json\/wp\/v2\/categories?post=149753"},{"taxonomy":"post_tag","embeddable":true,"href":"https:\/\/linitiative.ca\/International\/wp-json\/wp\/v2\/tags?post=149753"}],"curies":[{"name":"wp","href":"https:\/\/api.w.org\/{rel}","templated":true}]}}