{"id":149759,"date":"2022-06-09T11:49:49","date_gmt":"2022-06-09T15:49:49","guid":{"rendered":"https:\/\/linitiative.ca\/International\/le-gouvernement-approuve-la-creation-du-comite-national-pour-legalite-des-genres-et-la-promotion-de-la-femme\/"},"modified":"2022-06-09T11:49:49","modified_gmt":"2022-06-09T15:49:49","slug":"le-gouvernement-approuve-la-creation-du-comite-national-pour-legalite-des-genres-et-la-promotion-de-la-femme","status":"publish","type":"post","link":"https:\/\/linitiative.ca\/International\/le-gouvernement-approuve-la-creation-du-comite-national-pour-legalite-des-genres-et-la-promotion-de-la-femme\/","title":{"rendered":"Le gouvernement approuve la cr\u00e9ation du Comit\u00e9 national pour l\u2019\u00e9galit\u00e9 des genres et la promotion de la femme"},"content":{"rendered":"<div><img decoding=\"async\" width=\"418\" height=\"246\" src=\"https:\/\/linitiative.ca\/International\/wp-content\/uploads\/sites\/23\/2022\/06\/Akhannouch-Conseil-De-Gouvernement-Maroc-418-x-246.jpg\" class=\"attachment-post-thumbnail size-post-thumbnail wp-post-image\" alt=\"\" loading=\"lazy\" srcset=\"https:\/\/linitiative.ca\/International\/wp-content\/uploads\/sites\/23\/2022\/06\/Akhannouch-Conseil-De-Gouvernement-Maroc-418-x-246.jpg 418w, https:\/\/www.challenge.ma\/wp-content\/uploads\/2022\/01\/Akhannouch-Conseil-De-Gouvernement-Maroc-418-x-246-300x177.jpg 300w, https:\/\/www.challenge.ma\/wp-content\/uploads\/2022\/01\/Akhannouch-Conseil-De-Gouvernement-Maroc-418-x-246-360x212.jpg 360w\" sizes=\"auto, (max-width: 418px) 100vw, 418px\" itemprop=\"image\">Le conseil de gouvernement, r\u00e9uni jeudi sous la pr\u00e9sidence de M. Aziz Akhannouch, Chef du Gouvernement, a approuv\u00e9 le projet de d\u00e9cret n\u00b0 2.22.194 portant cr\u00e9ation du Comit\u00e9 national pour l\u2019\u00e9galit\u00e9 des genres et la promotion de la femme. Pr\u00e9sent\u00e9 par la ministre de la Solidarit\u00e9, de l\u2019insertion sociale et<\/div>\n<p>Auteur: Mehdi Ouazzani<br \/>\n<a href=\"https:\/\/www.challenge.ma\/le-gouvernement-approuve-la-creation-du-comite-national-pour-legalite-des-genres-et-la-promotion-de-la-femme-240283\/\">Cliquez ici pour lire l&rsquo;article depuis sa source.<\/a><\/p>\n","protected":false},"excerpt":{"rendered":"<p>Le conseil de gouvernement, r\u00e9uni jeudi sous la pr\u00e9sidence de M. Aziz Akhannouch, Chef du Gouvernement, a approuv\u00e9 le projet de d\u00e9cret n\u00b0 2.22.194 portant cr\u00e9ation du Comit\u00e9 national pour l\u2019\u00e9galit\u00e9 des genres et la promotion de la femme. Pr\u00e9sent\u00e9 par la ministre de la Solidarit\u00e9, de l\u2019insertion sociale et Auteur: Mehdi Ouazzani Cliquez ici [&hellip;]<\/p>\n","protected":false},"author":1787,"featured_media":0,"comment_status":"closed","ping_status":"closed","sticky":false,"template":"","format":"standard","meta":{"fifu_image_url":"https:\/\/www.challenge.ma\/wp-content\/uploads\/2022\/01\/Akhannouch-Conseil-De-Gouvernement-Maroc-418-x-246.jpg","fifu_image_alt":"Le gouvernement approuve la cr\u00e9ation du Comit\u00e9 national pour l\u2019\u00e9galit\u00e9 des genres et la promotion de la femme","footnotes":""},"categories":[78,54],"tags":[],"class_list":["post-149759","post","type-post","status-publish","format-standard","hentry","category-economie","category-maroc"],"_links":{"self":[{"href":"https:\/\/linitiative.ca\/International\/wp-json\/wp\/v2\/posts\/149759","targetHints":{"allow":["GET"]}}],"collection":[{"href":"https:\/\/linitiative.ca\/International\/wp-json\/wp\/v2\/posts"}],"about":[{"href":"https:\/\/linitiative.ca\/International\/wp-json\/wp\/v2\/types\/post"}],"author":[{"embeddable":true,"href":"https:\/\/linitiative.ca\/International\/wp-json\/wp\/v2\/users\/1787"}],"replies":[{"embeddable":true,"href":"https:\/\/linitiative.ca\/International\/wp-json\/wp\/v2\/comments?post=149759"}],"version-history":[{"count":0,"href":"https:\/\/linitiative.ca\/International\/wp-json\/wp\/v2\/posts\/149759\/revisions"}],"wp:attachment":[{"href":"https:\/\/linitiative.ca\/International\/wp-json\/wp\/v2\/media?parent=149759"}],"wp:term":[{"taxonomy":"category","embeddable":true,"href":"https:\/\/linitiative.ca\/International\/wp-json\/wp\/v2\/categories?post=149759"},{"taxonomy":"post_tag","embeddable":true,"href":"https:\/\/linitiative.ca\/International\/wp-json\/wp\/v2\/tags?post=149759"}],"curies":[{"name":"wp","href":"https:\/\/api.w.org\/{rel}","templated":true}]}}