{"id":149763,"date":"2022-06-09T14:29:27","date_gmt":"2022-06-09T18:29:27","guid":{"rendered":"https:\/\/linitiative.ca\/International\/un-marocain-condamne-a-mort-par-les-separatistes-de-donetsk\/"},"modified":"2022-06-09T14:29:27","modified_gmt":"2022-06-09T18:29:27","slug":"un-marocain-condamne-a-mort-par-les-separatistes-de-donetsk","status":"publish","type":"post","link":"https:\/\/linitiative.ca\/International\/un-marocain-condamne-a-mort-par-les-separatistes-de-donetsk\/","title":{"rendered":"Un marocain condamn\u00e9 \u00e0 mort par les s\u00e9paratistes de Donetsk"},"content":{"rendered":"<div><img decoding=\"async\" width=\"800\" height=\"450\" src=\"https:\/\/linitiative.ca\/International\/wp-content\/uploads\/sites\/23\/2022\/06\/guerre-ukraine-russie-comment-en-sommes-nous-arrives-la-1-e1654799341807.jpg\" class=\"attachment-post-thumbnail size-post-thumbnail wp-post-image\" alt=\"\" loading=\"lazy\" itemprop=\"image\">Deux Britanniques et un Marocain faits prisonniers en Ukraine, o\u00f9 ils combattaient pour Kiev, ont \u00e9t\u00e9 condamn\u00e9s \u00e0 mort jeudi pour mercenariat par la justice des autorit\u00e9s s\u00e9paratistes de Donetsk, ont annonc\u00e9 les agences de presse russes. \u00ab\u00a0La cour supr\u00eame de la R\u00e9publique populaire de Donetsk a condamn\u00e9 \u00e0 mort<\/div>\n<p>Auteur: Mehdi Ouazzani<br \/>\n<a href=\"https:\/\/www.challenge.ma\/un-marocain-condamne-a-mort-par-les-separatistes-de-donetsk-240294\/\">Cliquez ici pour lire l&rsquo;article depuis sa source.<\/a><\/p>\n","protected":false},"excerpt":{"rendered":"<p>Deux Britanniques et un Marocain faits prisonniers en Ukraine, o\u00f9 ils combattaient pour Kiev, ont \u00e9t\u00e9 condamn\u00e9s \u00e0 mort jeudi pour mercenariat par la justice des autorit\u00e9s s\u00e9paratistes de Donetsk, ont annonc\u00e9 les agences de presse russes. \u00ab\u00a0La cour supr\u00eame de la R\u00e9publique populaire de Donetsk a condamn\u00e9 \u00e0 mort Auteur: Mehdi Ouazzani Cliquez ici [&hellip;]<\/p>\n","protected":false},"author":1787,"featured_media":0,"comment_status":"closed","ping_status":"closed","sticky":false,"template":"","format":"standard","meta":{"fifu_image_url":"https:\/\/www.challenge.ma\/wp-content\/uploads\/2022\/02\/guerre-ukraine-russie-comment-en-sommes-nous-arrives-la-1-e1654799341807.jpg","fifu_image_alt":"Un marocain condamn\u00e9 \u00e0 mort par les s\u00e9paratistes de Donetsk","footnotes":""},"categories":[78,54],"tags":[],"class_list":["post-149763","post","type-post","status-publish","format-standard","hentry","category-economie","category-maroc"],"_links":{"self":[{"href":"https:\/\/linitiative.ca\/International\/wp-json\/wp\/v2\/posts\/149763","targetHints":{"allow":["GET"]}}],"collection":[{"href":"https:\/\/linitiative.ca\/International\/wp-json\/wp\/v2\/posts"}],"about":[{"href":"https:\/\/linitiative.ca\/International\/wp-json\/wp\/v2\/types\/post"}],"author":[{"embeddable":true,"href":"https:\/\/linitiative.ca\/International\/wp-json\/wp\/v2\/users\/1787"}],"replies":[{"embeddable":true,"href":"https:\/\/linitiative.ca\/International\/wp-json\/wp\/v2\/comments?post=149763"}],"version-history":[{"count":0,"href":"https:\/\/linitiative.ca\/International\/wp-json\/wp\/v2\/posts\/149763\/revisions"}],"wp:attachment":[{"href":"https:\/\/linitiative.ca\/International\/wp-json\/wp\/v2\/media?parent=149763"}],"wp:term":[{"taxonomy":"category","embeddable":true,"href":"https:\/\/linitiative.ca\/International\/wp-json\/wp\/v2\/categories?post=149763"},{"taxonomy":"post_tag","embeddable":true,"href":"https:\/\/linitiative.ca\/International\/wp-json\/wp\/v2\/tags?post=149763"}],"curies":[{"name":"wp","href":"https:\/\/api.w.org\/{rel}","templated":true}]}}