{"id":149777,"date":"2022-06-09T14:18:03","date_gmt":"2022-06-09T18:18:03","guid":{"rendered":"https:\/\/linitiative.ca\/International\/cedeao-lindecision-nest-pas-synonyme-de-scission-expert\/"},"modified":"2022-06-09T14:18:03","modified_gmt":"2022-06-09T18:18:03","slug":"cedeao-lindecision-nest-pas-synonyme-de-scission-expert","status":"publish","type":"post","link":"https:\/\/linitiative.ca\/International\/cedeao-lindecision-nest-pas-synonyme-de-scission-expert\/","title":{"rendered":"C\u00e9d\u00e9ao : l\u2019ind\u00e9cision n\u2019est pas synonyme de scission (expert)"},"content":{"rendered":"<div>\n<p>Un consensus aurait pu \u00eatre trouv\u00e9 par les dirigeants ouest-africains r\u00e9unis en sommet le 4 juin dernier \u00e0 Accra, au Ghana, d\u2019apr\u00e8s Gilles Yabi, fondateur et directeur ex\u00e9cutif du think tank Wathi, interrog\u00e9 par APA.Faute de consensus, les chefs d\u2019Etats de la Communaut\u00e9 \u00e9conomique des Etats de l\u2019Afrique de l\u2019Ouest (C\u00e9d\u00e9ao) ont renvoy\u00e9 au 3 juillet leurs d\u00e9cisions sur les juntes. Comment analysez-vous cela ?<\/p>\n<p>Il faudrait peut-\u00eatre leur demander l\u2019explication de cette non-d\u00e9cision. Je note cependant que cela n\u2019am\u00e9liore pas l\u2019image tr\u00e8s d\u00e9grad\u00e9e de l\u2019organisation r\u00e9gionale au sein des opinions publiques ouest-africaines.<\/p>\n<p>Comme un sommet a \u00e9t\u00e9 annonc\u00e9, nous nous attendions donc \u00e0 ce que des d\u00e9cisions soient prises, en particulier la lev\u00e9e des sanctions inflig\u00e9es au Mali. C\u2019est regrettable qu\u2019il n\u2019y ait pas eu un travail technique et diplomatique qui aurait permis d\u2019avoir un consensus avant la rencontre des pr\u00e9sidents.<\/p>\n<p>Les diplomates, ayant l\u2019exp\u00e9rience de ce type de r\u00e9unions, expliquent qu\u2019il y a g\u00e9n\u00e9ralement un travail pr\u00e9alable qui permet de faire en sorte que les chefs d\u2019Etats viennent simplement valider des orientations ou d\u00e9cisions quasiment prises. Mais l\u00e0, nous avons l\u2019impression qu\u2019\u00e0 chaque sommet il y a beaucoup de discussions et une absence de consensus qui auraient pu \u00eatre anticip\u00e9es.<\/p>\n<p>Cette situation pointe les probl\u00e8mes dans la mani\u00e8re dont les gouvernants au plus haut niveau de l\u2019organisation r\u00e9gionale d\u00e9cident. Cela \u00e9tant dit, le sommet ne devait pas se pencher seulement sur le Mali, mais aussi sur le Burkina et la Guin\u00e9e. De ce fait, il est aussi dit que le sommet du 3 juillet permettrait d\u2019avoir des d\u00e9cisions plus coh\u00e9rentes sur les trois dossiers chauds de la r\u00e9gion au plan politique.<\/p>\n<p>Mais il y a un sentiment de g\u00e2chis, de mauvaise organisation de la C\u00e9d\u00e9ao. En l\u2019absence de l\u2019assurance d\u2019un consensus et d\u2019une prise de d\u00e9cisions, il aurait fallu prendre le temps de lever tous les obstacles pour \u00eatre s\u00fbr d\u2019avoir un accord avec le Mali et les autres pays avant de convoquer un sommet.<\/p>\n<p>A Accra,<br \/>\n\tdeux camps se sont oppos\u00e9s sur le maintien ou non des sanctions. Peut-on parler de scission au sein de l\u2019organisation r\u00e9gionale ?<\/p>\n<p>Il y a effectivement des sources selon lesquelles des pays n\u2019\u00e9taient pas d\u2019accord avec les autres. Pour autant, je ne pense pas qu\u2019il faille parler de scission. On n\u2019en est pas l\u00e0 m\u00eame s\u2019il y a des divergences et des points de vue probablement tranch\u00e9s de quelques chefs d\u2019Etat.<\/p>\n<p>En Afrique de l\u2019Ouest, on note des probl\u00e8mes de fond, des divergences dans l\u2019interpr\u00e9tation des diff\u00e9rents \u00e9v\u00e8nements politiques notamment les coups d\u2019Etat (ce qui est acceptable et ce qui ne l\u2019est pas, dans quelle mesure doit-on prendre en compte la situation sp\u00e9cifique de chaque pays\u2026).<\/p>\n<p>C\u2019est beaucoup d\u2019\u00e9l\u00e9ments qui entrent en ligne de compte. Malgr\u00e9 tout, je ne pense pas que cela induise n\u00e9cessairement une forme de scission au sein de la C\u00e9d\u00e9ao.<\/p>\n<p>Il faut aussi savoir qu\u2019il y a, au niveau des chefs d\u2019Etat, des calculs justifi\u00e9s par leurs propres positions : ceux qui sont en fin de second mandat et ceux qui dirigent des pays o\u00f9 il y a une tradition d\u2019alternance assez bien \u00e9tablie et o\u00f9 les partis sont beaucoup plus organis\u00e9s. Des diff\u00e9rences de configuration et de pratique politiques dans les pays de la r\u00e9gion expliquent les d\u00e9cisions ou les prises de positions antagonistes.<\/p>\n<p>Bamako a fix\u00e9 \u00e0 deux ans la p\u00e9riode transitoire. A quoi peut-on s\u2019attendre de la C\u00e9d\u00e9ao suite \u00e0 cette d\u00e9cision unilat\u00e9rale ?<\/p>\n<p>Le d\u00e9cret du pr\u00e9sident Assimi Go\u00efta a fait le tour du monde et des r\u00e9seaux sociaux. Il est arriv\u00e9 juste apr\u00e8s le sommet de la C\u00e9d\u00e9ao. Est-ce que cela va influer sur le prochain sommet ? Probablement pas.<\/p>\n<p>Jusque-l\u00e0, il y avait des discussions sur le d\u00e9lai de la transition qui paraissait comme l\u2019\u00e9l\u00e9ment central du d\u00e9saccord entre la C\u00e9d\u00e9ao et le Mali. Avec ce d\u00e9cret, Bamako met clairement tout le monde devant le fait accompli.<\/p>\n<p>Dans le cas de la Guin\u00e9e et du Burkina, il est bon de rappeler que nous avons des institutions de transition qui ont annonc\u00e9 des dur\u00e9es de transition ne correspondant pas \u00e0 ce qui \u00e9tait souhait\u00e9 par l\u2019organisation r\u00e9gionale.<\/p>\n<p>Quoi qu\u2019il en soit, lors du prochain sommet de la C\u00e9d\u00e9ao, la stabilit\u00e9 politique et s\u00e9curitaire de la r\u00e9gion est \u00e0 placer au c\u0153ur des d\u00e9cisions. On doit privil\u00e9gier l\u2019int\u00e9r\u00eat sup\u00e9rieur des populations.<\/p>\n<p>Mais cela suppose que nous sortions d\u2019une logique de confrontation et que nous r\u00e9ussissions \u00e0 restaurer une culture de la discussion, de la pr\u00e9sence sur le terrain qui permet d\u2019orienter les transitions dans la bonne direction.<\/p>\n<p>Cet article <a rel=\"nofollow\" href=\"https:\/\/www.journalducameroun.com\/cedeao-lindecision-nest-pas-synonyme-de-scission-expert\/\">C\u00e9d\u00e9ao : l\u2019ind\u00e9cision n\u2019est pas synonyme de scission (expert)<\/a> est apparu en premier sur <a rel=\"nofollow\" href=\"https:\/\/www.journalducameroun.com\/\">Journal du Cameroun<\/a>.<\/p>\n<\/div>\n<p>Auteur: APA News<br \/>\n<a href=\"https:\/\/www.journalducameroun.com\/cedeao-lindecision-nest-pas-synonyme-de-scission-expert\/\">Cliquez ici pour lire l&rsquo;article depuis sa source.<\/a><\/p>\n","protected":false},"excerpt":{"rendered":"<p>Un consensus aurait pu \u00eatre trouv\u00e9 par les dirigeants ouest-africains r\u00e9unis en sommet le 4 juin dernier \u00e0 Accra, au Ghana, d\u2019apr\u00e8s Gilles Yabi, fondateur et directeur ex\u00e9cutif du think tank Wathi, interrog\u00e9 par APA.Faute de consensus, les chefs d\u2019Etats de la Communaut\u00e9 \u00e9conomique des Etats de l\u2019Afrique de l\u2019Ouest (C\u00e9d\u00e9ao) ont renvoy\u00e9 au 3 [&hellip;]<\/p>\n","protected":false},"author":1965,"featured_media":0,"comment_status":"closed","ping_status":"closed","sticky":false,"template":"","format":"standard","meta":{"fifu_image_url":"","fifu_image_alt":"","footnotes":""},"categories":[73,82],"tags":[],"class_list":["post-149777","post","type-post","status-publish","format-standard","hentry","category-actualite","category-cameroun"],"_links":{"self":[{"href":"https:\/\/linitiative.ca\/International\/wp-json\/wp\/v2\/posts\/149777","targetHints":{"allow":["GET"]}}],"collection":[{"href":"https:\/\/linitiative.ca\/International\/wp-json\/wp\/v2\/posts"}],"about":[{"href":"https:\/\/linitiative.ca\/International\/wp-json\/wp\/v2\/types\/post"}],"author":[{"embeddable":true,"href":"https:\/\/linitiative.ca\/International\/wp-json\/wp\/v2\/users\/1965"}],"replies":[{"embeddable":true,"href":"https:\/\/linitiative.ca\/International\/wp-json\/wp\/v2\/comments?post=149777"}],"version-history":[{"count":0,"href":"https:\/\/linitiative.ca\/International\/wp-json\/wp\/v2\/posts\/149777\/revisions"}],"wp:attachment":[{"href":"https:\/\/linitiative.ca\/International\/wp-json\/wp\/v2\/media?parent=149777"}],"wp:term":[{"taxonomy":"category","embeddable":true,"href":"https:\/\/linitiative.ca\/International\/wp-json\/wp\/v2\/categories?post=149777"},{"taxonomy":"post_tag","embeddable":true,"href":"https:\/\/linitiative.ca\/International\/wp-json\/wp\/v2\/tags?post=149777"}],"curies":[{"name":"wp","href":"https:\/\/api.w.org\/{rel}","templated":true}]}}