{"id":149778,"date":"2022-06-09T15:18:03","date_gmt":"2022-06-09T19:18:03","guid":{"rendered":"https:\/\/linitiative.ca\/International\/alecso-le-maroc-renouvelle-son-soutien-a-mohamed-ould-amar-pour-un-second-mandat\/"},"modified":"2022-06-09T15:18:03","modified_gmt":"2022-06-09T19:18:03","slug":"alecso-le-maroc-renouvelle-son-soutien-a-mohamed-ould-amar-pour-un-second-mandat","status":"publish","type":"post","link":"https:\/\/linitiative.ca\/International\/alecso-le-maroc-renouvelle-son-soutien-a-mohamed-ould-amar-pour-un-second-mandat\/","title":{"rendered":"ALECSO : Le Maroc renouvelle son soutien \u00e0 Mohamed Ould Amar pour un second mandat"},"content":{"rendered":"<div>\n<p><img decoding=\"async\" width=\"349\" height=\"144\" src=\"https:\/\/linitiative.ca\/International\/wp-content\/uploads\/sites\/23\/2022\/06\/16548022838472.jpg\" class=\"attachment-post-thumbnail size-post-thumbnail wp-post-image\" alt=\"\" loading=\"lazy\" srcset=\"https:\/\/linitiative.ca\/International\/wp-content\/uploads\/sites\/23\/2022\/06\/16548022838472.jpg 349w, https:\/\/www.journalducameroun.com\/wp-content\/uploads\/2022\/06\/16548022838472-300x124.jpg 300w\" sizes=\"auto, (max-width: 349px) 100vw, 349px\"><\/p>\n<p>Le Maroc renouvelle son soutien au Mauritanien Mohamed Ould Amar pour un second mandat \u00e0 la t\u00eate de l&rsquo;Organisation arabe pour l&rsquo;\u00e9ducation, la culture et les sciences (ALECSO).\u00a0\u00bbPartant des liens de fraternit\u00e9 unissant le Roi Mohammed VI et le Pr\u00e9sident mauritanien Mohamed Ould Cheikh El Ghazouani, et en cons\u00e9cration des relations solides de coop\u00e9ration existant entre Maroc et la Mauritanie, le Maroc r\u00e9affirme son plein soutien \u00e0 la candidature de M. Mohamed Ould Amar pour un deuxi\u00e8me mandat au poste de Directeur g\u00e9n\u00e9ral de l&rsquo;Organisation arabe pour l&rsquo;\u00e9ducation, la culture et la science (ALECSO)\u00a0\u00bb, indique jeudi un communiqu\u00e9 du minist\u00e8re marocain des Affaires \u00e9trang\u00e8res.<\/p>\n<p>Bas\u00e9e \u00e0 Tunis, l&rsquo;organisation \u0153uvre depuis 1970 \u00e0 la coordination et \u00e0 la promotion de diff\u00e9rentes activit\u00e9s dans les domaines \u00e9ducatif, culturel et scientifique au niveau du monde arabe.<\/p>\n<p>Cet article <a rel=\"nofollow\" href=\"https:\/\/www.journalducameroun.com\/alecso-le-maroc-renouvelle-son-soutien-a-mohamed-ould-amar-pour-un-second-mandat\/\">ALECSO : Le Maroc renouvelle son soutien \u00e0 Mohamed Ould Amar pour un second mandat<\/a> est apparu en premier sur <a rel=\"nofollow\" href=\"https:\/\/www.journalducameroun.com\/\">Journal du Cameroun<\/a>.<\/p>\n<\/div>\n<p>Auteur: APA News<br \/>\n<a href=\"https:\/\/www.journalducameroun.com\/alecso-le-maroc-renouvelle-son-soutien-a-mohamed-ould-amar-pour-un-second-mandat\/\">Cliquez ici pour lire l&rsquo;article depuis sa source.<\/a><\/p>\n","protected":false},"excerpt":{"rendered":"<p>Le Maroc renouvelle son soutien au Mauritanien Mohamed Ould Amar pour un second mandat \u00e0 la t\u00eate de l&rsquo;Organisation arabe pour l&rsquo;\u00e9ducation, la culture et les sciences (ALECSO).\u00a0\u00bbPartant des liens de fraternit\u00e9 unissant le Roi Mohammed VI et le Pr\u00e9sident mauritanien Mohamed Ould Cheikh El Ghazouani, et en cons\u00e9cration des relations solides de coop\u00e9ration existant [&hellip;]<\/p>\n","protected":false},"author":1965,"featured_media":0,"comment_status":"closed","ping_status":"closed","sticky":false,"template":"","format":"standard","meta":{"fifu_image_url":"https:\/\/www.journalducameroun.com\/wp-content\/uploads\/2022\/06\/16548022838472.jpg","fifu_image_alt":"ALECSO : Le Maroc renouvelle son soutien \u00e0 Mohamed Ould Amar pour un second mandat","footnotes":""},"categories":[73,82],"tags":[],"class_list":["post-149778","post","type-post","status-publish","format-standard","hentry","category-actualite","category-cameroun"],"_links":{"self":[{"href":"https:\/\/linitiative.ca\/International\/wp-json\/wp\/v2\/posts\/149778","targetHints":{"allow":["GET"]}}],"collection":[{"href":"https:\/\/linitiative.ca\/International\/wp-json\/wp\/v2\/posts"}],"about":[{"href":"https:\/\/linitiative.ca\/International\/wp-json\/wp\/v2\/types\/post"}],"author":[{"embeddable":true,"href":"https:\/\/linitiative.ca\/International\/wp-json\/wp\/v2\/users\/1965"}],"replies":[{"embeddable":true,"href":"https:\/\/linitiative.ca\/International\/wp-json\/wp\/v2\/comments?post=149778"}],"version-history":[{"count":0,"href":"https:\/\/linitiative.ca\/International\/wp-json\/wp\/v2\/posts\/149778\/revisions"}],"wp:attachment":[{"href":"https:\/\/linitiative.ca\/International\/wp-json\/wp\/v2\/media?parent=149778"}],"wp:term":[{"taxonomy":"category","embeddable":true,"href":"https:\/\/linitiative.ca\/International\/wp-json\/wp\/v2\/categories?post=149778"},{"taxonomy":"post_tag","embeddable":true,"href":"https:\/\/linitiative.ca\/International\/wp-json\/wp\/v2\/tags?post=149778"}],"curies":[{"name":"wp","href":"https:\/\/api.w.org\/{rel}","templated":true}]}}