{"id":149791,"date":"2022-06-10T07:03:02","date_gmt":"2022-06-10T11:03:02","guid":{"rendered":"https:\/\/linitiative.ca\/International\/plan-de-transport-maritime-les-precisions-de-mohammed-abdeljalil\/"},"modified":"2022-06-10T07:03:02","modified_gmt":"2022-06-10T11:03:02","slug":"plan-de-transport-maritime-les-precisions-de-mohammed-abdeljalil","status":"publish","type":"post","link":"https:\/\/linitiative.ca\/International\/plan-de-transport-maritime-les-precisions-de-mohammed-abdeljalil\/","title":{"rendered":"Plan de transport maritime : Les pr\u00e9cisions  de Mohammed Abdeljalil"},"content":{"rendered":"<div>\n<p><img decoding=\"async\" width=\"300\" height=\"153\" src=\"https:\/\/linitiative.ca\/International\/wp-content\/uploads\/sites\/23\/2022\/06\/Mohammed-Abdeljalil-300x153-1.png\" class=\"attachment-medium size-medium wp-post-image\" alt=\"\" loading=\"lazy\" srcset=\"https:\/\/linitiative.ca\/International\/wp-content\/uploads\/sites\/23\/2022\/06\/Mohammed-Abdeljalil-300x153-1.png 300w, https:\/\/aujourdhui.ma\/wp-content\/uploads\/2022\/06\/Mohammed-Abdeljalil-274x140.png 274w, https:\/\/aujourdhui.ma\/wp-content\/uploads\/2022\/06\/Mohammed-Abdeljalil.png 746w, https:\/\/aujourdhui.ma\/wp-content\/uploads\/2022\/06\/Mohammed-Abdeljalil-165x84.png 165w, https:\/\/aujourdhui.ma\/wp-content\/uploads\/2022\/06\/Mohammed-Abdeljalil-702x358.png 702w\" sizes=\"auto, (max-width: 300px) 100vw, 300px\"><\/p>\n<p><span style=\"color: #800000;\"><strong>Lors de la conf\u00e9rence autour de la mobilisation collective pour faciliter l\u2019op\u00e9ration Marhaba 2022, le ministre du transport et de la logistique, Mohammed Abdeljalil a indiqu\u00e9 que le plan de transport maritime de la flotte approuv\u00e9 dans le cadre de cette op\u00e9ration pr\u00e9voit plusieurs mesures.<\/strong><\/span><span id=\"more-410353\"><\/span><\/p>\n<p>Un nombre important de navires a \u00e9t\u00e9 mobilis\u00e9 au niveau des lignes maritimes desservant les ports marocains, espagnols, fran\u00e7ais et italiens, avec une capacit\u00e9 hebdomadaire totale qui s\u2019\u00e9l\u00e8ve aux heures de pointe aller-retour \u00e0 environ 490.000 passagers, 135.000 voitures et 560 voyages hebdomadaires. Pendant les deux p\u00e9riodes de pointe, il est pr\u00e9vu que la ligne maritime principale Tanger-Med-Alg\u00e9siras assurera 45 voyages quotidiens avec une capacit\u00e9 totale de plus de 40.000 passagers et 10.000 voitures, a-t-il pr\u00e9cis\u00e9.<\/p>\n<p>Pour la ligne desservant les ports de Tanger-ville et Tarifa, quatre navires rapides ont \u00e9t\u00e9 mobilis\u00e9s. Ces navires organiseront environ 24 voyages quotidiens avec une capacit\u00e9 de plus de 14.000 passagers et 2.500 voitures. Quant aux lignes moyen-courriers, M. Abdeljalil a fait \u00e9tat de quatre navires qui seront exploit\u00e9s au niveau de la ligne Nador-Almeria, \u00e0 raison de 48 voyages par semaine, pour quelque 67.000 passagers et 16.000 voitures.<\/p>\n<p>Au niveau de la ligne maritime desservant Nador-Motril et Al Hoceima-Motril, un navire d\u2019une capacit\u00e9 de 10.000 passagers et 4.000 voitures a \u00e9t\u00e9 r\u00e9serv\u00e9 \u00e0 cet effet avec une moyenne de 11 voyages hebdomadaires. Concernant les lignes long-courriers, le ministre a indiqu\u00e9 que 15 voyages hebdomadaires seront assur\u00e9s par huit navires desservant le port de Civitavecchia en Italie et les ports marocains, soit d\u2019une capacit\u00e9 de 23.000 passagers et 8.000 voitures par semaine.<\/p>\n<\/div>\n<p>Auteur: ALM<br \/>\n<a href=\"https:\/\/aujourdhui.ma\/societe\/plan-de-transport-maritime-les-precisions-de-mohammed-abdeljalil\">Cliquez ici pour lire l&rsquo;article depuis sa source.<\/a><\/p>\n","protected":false},"excerpt":{"rendered":"<p>Lors de la conf\u00e9rence autour de la mobilisation collective pour faciliter l\u2019op\u00e9ration Marhaba 2022, le ministre du transport et de la logistique, Mohammed Abdeljalil a indiqu\u00e9 que le plan de transport maritime de la flotte approuv\u00e9 dans le cadre de cette op\u00e9ration pr\u00e9voit plusieurs mesures. Un nombre important de navires a \u00e9t\u00e9 mobilis\u00e9 au niveau [&hellip;]<\/p>\n","protected":false},"author":1759,"featured_media":0,"comment_status":"closed","ping_status":"closed","sticky":false,"template":"","format":"standard","meta":{"fifu_image_url":"https:\/\/aujourdhui.ma\/wp-content\/uploads\/2022\/06\/Mohammed-Abdeljalil-300x153.png","fifu_image_alt":"Plan de transport maritime : Les pr\u00e9cisions  de Mohammed Abdeljalil","footnotes":""},"categories":[73,54],"tags":[],"class_list":["post-149791","post","type-post","status-publish","format-standard","hentry","category-actualite","category-maroc"],"_links":{"self":[{"href":"https:\/\/linitiative.ca\/International\/wp-json\/wp\/v2\/posts\/149791","targetHints":{"allow":["GET"]}}],"collection":[{"href":"https:\/\/linitiative.ca\/International\/wp-json\/wp\/v2\/posts"}],"about":[{"href":"https:\/\/linitiative.ca\/International\/wp-json\/wp\/v2\/types\/post"}],"author":[{"embeddable":true,"href":"https:\/\/linitiative.ca\/International\/wp-json\/wp\/v2\/users\/1759"}],"replies":[{"embeddable":true,"href":"https:\/\/linitiative.ca\/International\/wp-json\/wp\/v2\/comments?post=149791"}],"version-history":[{"count":0,"href":"https:\/\/linitiative.ca\/International\/wp-json\/wp\/v2\/posts\/149791\/revisions"}],"wp:attachment":[{"href":"https:\/\/linitiative.ca\/International\/wp-json\/wp\/v2\/media?parent=149791"}],"wp:term":[{"taxonomy":"category","embeddable":true,"href":"https:\/\/linitiative.ca\/International\/wp-json\/wp\/v2\/categories?post=149791"},{"taxonomy":"post_tag","embeddable":true,"href":"https:\/\/linitiative.ca\/International\/wp-json\/wp\/v2\/tags?post=149791"}],"curies":[{"name":"wp","href":"https:\/\/api.w.org\/{rel}","templated":true}]}}