{"id":149793,"date":"2022-06-10T07:46:49","date_gmt":"2022-06-10T11:46:49","guid":{"rendered":"https:\/\/linitiative.ca\/International\/a-anfa-park-30-000-visiteurs-attendus-du-21-au-30-juin-au-2eme-salon-immogallery\/"},"modified":"2022-06-10T07:46:49","modified_gmt":"2022-06-10T11:46:49","slug":"a-anfa-park-30-000-visiteurs-attendus-du-21-au-30-juin-au-2eme-salon-immogallery","status":"publish","type":"post","link":"https:\/\/linitiative.ca\/International\/a-anfa-park-30-000-visiteurs-attendus-du-21-au-30-juin-au-2eme-salon-immogallery\/","title":{"rendered":"A Anfa Park, 30 000 visiteurs attendus du 21 au 30 juin au 2\u00e8me Salon Immogallery"},"content":{"rendered":"<div>\n<p><img decoding=\"async\" width=\"300\" height=\"153\" src=\"https:\/\/linitiative.ca\/International\/wp-content\/uploads\/sites\/23\/2022\/06\/Immogallery-Salon-de-limmobilier-de-standing-FNPI-300x153-1.jpg\" class=\"attachment-medium size-medium wp-post-image\" alt=\"\" loading=\"lazy\" srcset=\"https:\/\/linitiative.ca\/International\/wp-content\/uploads\/sites\/23\/2022\/06\/Immogallery-Salon-de-limmobilier-de-standing-FNPI-300x153-1.jpg 300w, https:\/\/aujourdhui.ma\/wp-content\/uploads\/2022\/06\/Immogallery-Salon-de-limmobilier-de-standing-FNPI-274x140.jpg 274w, https:\/\/aujourdhui.ma\/wp-content\/uploads\/2022\/06\/Immogallery-Salon-de-limmobilier-de-standing-FNPI.jpg 746w, https:\/\/aujourdhui.ma\/wp-content\/uploads\/2022\/06\/Immogallery-Salon-de-limmobilier-de-standing-FNPI-165x84.jpg 165w, https:\/\/aujourdhui.ma\/wp-content\/uploads\/2022\/06\/Immogallery-Salon-de-limmobilier-de-standing-FNPI-702x358.jpg 702w\" sizes=\"auto, (max-width: 300px) 100vw, 300px\"><\/p>\n<p><span style=\"font-size: 20px; color: #800000;\"><strong>Le Salon Immogallery est de retour. Une 2\u00e8me \u00e9dition se tiendra \u00e0 Anfa Park du 21 au 30 juin \u00e0 Anfa Park. Les dates sont pr\u00e9cis\u00e9es par la F\u00e9d\u00e9ration Nationale des Promoteurs Immobiliers (FNPI) qui pr\u00e9voit un nombre de \u00abpr\u00e8s de 30 000 visiteurs \u00bb qui y seront attendus.<\/strong><\/span><span id=\"more-410356\"><\/span><\/p>\n<p>A propos du choix de cet espace, il intervient, tel que le d\u00e9taille la m\u00eame structure, dans le cadre d\u2019une \u00ab approche citoyenne et dans la volont\u00e9 d\u2019apporter un soutien aux jeunes musiciens marocains \u00bb. De plus, le Village Casa Anfa se tiendra dans un espace privatis\u00e9 au sein d\u2019Anfa Park qui proposera une s\u00e9rie de concerts quotidiens de jeunes musiciens marocains, une sc\u00e8ne d\u00e9di\u00e9e, une gaming zone et des espaces de restauration.<\/p>\n<p>Pour cette 2\u00e8me \u00e9dition du Salon Immogallery, tr\u00e8s attendue par l\u2019ensemble des acteurs de l\u2019immobilier, de nombreux promoteurs immobiliers nationaux ont d\u2019ores et d\u00e9j\u00e0 confirm\u00e9 leur engagement pour y prendre part. Le salon accueillera cette ann\u00e9e, tel que l\u2019ajoute la m\u00eame source, plus de \u00ab 30 exposants au total qui proposeront, \u00e0 cette occasion, des offres sp\u00e9ciales d\u2019achat et de location de biens immobiliers \u00bb.<\/p>\n<p>Le salon est \u00e9galement un lieu de rencontres, d\u2019\u00e9changes d\u2019informations et de r\u00e9flexion, qui articulera sa programmation autour d\u2019un programme scientifique compos\u00e9 de plusieurs conf\u00e9rences et d\u2019ateliers abordant des th\u00e9matiques diverses et anim\u00e9s par des experts du secteur de l\u2019immobilier marocain.<\/p>\n<p>Pour rappel, la F\u00e9d\u00e9ration Nationale des Promoteurs Immobiliers a \u00e9t\u00e9 cr\u00e9\u00e9e le 18 novembre 2006, fruit de la r\u00e9unification des principaux promoteurs immobiliers du Royaume. L\u2019activit\u00e9 de la FNPI s\u2019articule autour de deux principaux axes : repr\u00e9senter et d\u00e9fendre, au sein de toute association nationale ou internationale et aupr\u00e8s de tout organisme priv\u00e9 ou public, les int\u00e9r\u00eats de ses membres, et promouvoir et organiser toute activit\u00e9 qui tend \u00e0 professionnaliser le secteur et faire acqu\u00e9rir \u00e0 ses membres la ma\u00eetrise de techniques mises en \u0153uvre dans les domaines de leurs activit\u00e9s respectives.<\/p>\n<\/div>\n<p>Auteur: ALM<br \/>\n<a href=\"https:\/\/aujourdhui.ma\/economie\/immobilier\/a-anfa-park-30-000-visiteurs-attendus-du-21-au-30-juin-au-2eme-salon-immogallery\">Cliquez ici pour lire l&rsquo;article depuis sa source.<\/a><\/p>\n","protected":false},"excerpt":{"rendered":"<p>Le Salon Immogallery est de retour. Une 2\u00e8me \u00e9dition se tiendra \u00e0 Anfa Park du 21 au 30 juin \u00e0 Anfa Park. Les dates sont pr\u00e9cis\u00e9es par la F\u00e9d\u00e9ration Nationale des Promoteurs Immobiliers (FNPI) qui pr\u00e9voit un nombre de \u00abpr\u00e8s de 30 000 visiteurs \u00bb qui y seront attendus. A propos du choix de cet [&hellip;]<\/p>\n","protected":false},"author":1759,"featured_media":0,"comment_status":"closed","ping_status":"closed","sticky":false,"template":"","format":"standard","meta":{"fifu_image_url":"https:\/\/aujourdhui.ma\/wp-content\/uploads\/2022\/06\/Immogallery-Salon-de-limmobilier-de-standing-FNPI-300x153.jpg","fifu_image_alt":"A Anfa Park, 30 000 visiteurs attendus du 21 au 30 juin au 2\u00e8me Salon Immogallery","footnotes":""},"categories":[73,54],"tags":[],"class_list":["post-149793","post","type-post","status-publish","format-standard","hentry","category-actualite","category-maroc"],"_links":{"self":[{"href":"https:\/\/linitiative.ca\/International\/wp-json\/wp\/v2\/posts\/149793","targetHints":{"allow":["GET"]}}],"collection":[{"href":"https:\/\/linitiative.ca\/International\/wp-json\/wp\/v2\/posts"}],"about":[{"href":"https:\/\/linitiative.ca\/International\/wp-json\/wp\/v2\/types\/post"}],"author":[{"embeddable":true,"href":"https:\/\/linitiative.ca\/International\/wp-json\/wp\/v2\/users\/1759"}],"replies":[{"embeddable":true,"href":"https:\/\/linitiative.ca\/International\/wp-json\/wp\/v2\/comments?post=149793"}],"version-history":[{"count":0,"href":"https:\/\/linitiative.ca\/International\/wp-json\/wp\/v2\/posts\/149793\/revisions"}],"wp:attachment":[{"href":"https:\/\/linitiative.ca\/International\/wp-json\/wp\/v2\/media?parent=149793"}],"wp:term":[{"taxonomy":"category","embeddable":true,"href":"https:\/\/linitiative.ca\/International\/wp-json\/wp\/v2\/categories?post=149793"},{"taxonomy":"post_tag","embeddable":true,"href":"https:\/\/linitiative.ca\/International\/wp-json\/wp\/v2\/tags?post=149793"}],"curies":[{"name":"wp","href":"https:\/\/api.w.org\/{rel}","templated":true}]}}