{"id":149797,"date":"2022-06-10T09:00:03","date_gmt":"2022-06-10T13:00:03","guid":{"rendered":"https:\/\/linitiative.ca\/International\/reactivation-du-conseil-daffaires-maroco-emirati-un-memorandum-dentente-signe-pour-un-nouvel-elan\/"},"modified":"2022-06-10T09:00:03","modified_gmt":"2022-06-10T13:00:03","slug":"reactivation-du-conseil-daffaires-maroco-emirati-un-memorandum-dentente-signe-pour-un-nouvel-elan","status":"publish","type":"post","link":"https:\/\/linitiative.ca\/International\/reactivation-du-conseil-daffaires-maroco-emirati-un-memorandum-dentente-signe-pour-un-nouvel-elan\/","title":{"rendered":"R\u00e9activation du Conseil d\u2019affaires maroco-\u00e9mirati : Un m\u00e9morandum d\u2019entente sign\u00e9 pour un nouvel \u00e9lan"},"content":{"rendered":"<div>\n<p><img decoding=\"async\" width=\"300\" height=\"153\" src=\"https:\/\/linitiative.ca\/International\/wp-content\/uploads\/sites\/23\/2022\/06\/Conseil-daffaires-maroco-eCC81mirati-El-Asri-Said-Ahmed-Al-Dhahri-et-Chakib-Alj-300x153-1.jpg\" class=\"attachment-medium size-medium wp-post-image\" alt=\"\" loading=\"lazy\" srcset=\"https:\/\/linitiative.ca\/International\/wp-content\/uploads\/sites\/23\/2022\/06\/Conseil-daffaires-maroco-eCC81mirati-El-Asri-Said-Ahmed-Al-Dhahri-et-Chakib-Alj-300x153-1.jpg 300w, https:\/\/aujourdhui.ma\/wp-content\/uploads\/2022\/06\/Conseil-daffaires-maroco-e\u0301mirati-El-Asri-Said-Ahmed-Al-Dhahri-et-Chakib-Alj-274x140.jpg 274w, https:\/\/aujourdhui.ma\/wp-content\/uploads\/2022\/06\/Conseil-daffaires-maroco-e\u0301mirati-El-Asri-Said-Ahmed-Al-Dhahri-et-Chakib-Alj.jpg 746w, https:\/\/aujourdhui.ma\/wp-content\/uploads\/2022\/06\/Conseil-daffaires-maroco-e\u0301mirati-El-Asri-Said-Ahmed-Al-Dhahri-et-Chakib-Alj-165x84.jpg 165w, https:\/\/aujourdhui.ma\/wp-content\/uploads\/2022\/06\/Conseil-daffaires-maroco-e\u0301mirati-El-Asri-Said-Ahmed-Al-Dhahri-et-Chakib-Alj-702x358.jpg 702w\" sizes=\"auto, (max-width: 300px) 100vw, 300px\"><\/p>\n<p><span style=\"font-size: 20px; color: #800000;\"><strong>De par la signature, jeudi \u00e0 Rabat, du m\u00e9morandum d\u2019entente pour la r\u00e9activation du Conseil d\u2019affaires maroco-\u00e9mirati, les relations entre les entreprises des deux pays prendront un nouvel \u00e9lan.<\/strong><\/span><span id=\"more-410311\"><\/span><\/p>\n<p>Une aspiration exprim\u00e9e en pr\u00e9lude \u00e0 cette signature par l\u2019ensemble des participants \u00e0 la rencontre \u00abInvestopia \u2013 Morocco Business Talk : Current market landscape, opportunities and challenges\u00bb. A commencer par l\u2019ambassadeur \u00e9mir ati au Maroc, El Asri Said Ahmed Al Dhahri, qui estime que ce m\u00e9morandum d\u2019entente est destin\u00e9 au Conseil d\u2019affaires entre la CGEM et les Emirats est pour \u00abun d\u00e9part vers plus de coop\u00e9ration entre les deux pays\u00bb. A son sens, ce document ainsi que la visite du ministre \u00e9mirati des finances avec son \u00e9quipe sont de nature \u00e0 donner \u00abun bon \u00e9cho pour l\u2019avenir de cette coop\u00e9ration\u00bb.<\/p>\n<p>De son c\u00f4t\u00e9, le pr\u00e9sident de la CGEM (Conf\u00e9d\u00e9ration g\u00e9n\u00e9rale des entreprises du Maroc), Chakib Alj, pr\u00e9cise que l\u2019initiative \u00abInvestopia\u00bb est \u00abune plate-forme globale initi\u00e9e par les \u00c9mirats Arabes Unis\u00bb. L\u2019objectif en \u00e9tant, tel qu\u2019il le d\u00e9taille, entre autres, \u00abd\u2019accueillir des investissements\u00bb. Le responsable, qui ne manque pas de pr\u00e9senter sa structure en rappelant les tr\u00e8s bonnes relations entre les deux pays, estime que la visite de cette d\u00e9l\u00e9gation d\u2019entrepreneurs \u00e9miratis demeure \u00abimportante\u00bb. Pour lui, le secteur priv\u00e9 marocain partage des ambitions avec celui \u00e9mirati.<\/p>\n<p>\u00abInvestopia illustre ces ambitions\u00bb, encha\u00eene-t-il en rappelant qu\u2019une trentaine d\u2019entreprises de ce pays op\u00e8re au Maroc. A son sens, les investissements de partenaires d\u2019autres pays permettent de soutenir l\u2019acc\u00e8s au march\u00e9 y compris celui africain. \u00abTous les ingr\u00e9dients sont r\u00e9unis pour faire r\u00e9ussir notre coop\u00e9ration. Nous avons \u00e0 travailler ensemble pour cr\u00e9er plus d\u2019emplois aussi\u00bb, poursuit-il.<br \/>\nDes propos qui trouvent un bon \u00e9cho chez le secr\u00e9taire g\u00e9n\u00e9ral de la F\u00e9d\u00e9ration \u00e9miratie des Chambres de commerce et d\u2019industrie, Humaid Mohamed Bin Saelm. \u00abNous sommes \u00e0 la recherche de partenariats. Nous voulons plus de partenariats avec le Maroc pour plus d\u2019impact refl\u00e9tant nos relations\u00bb, avance-t-il. Quant au m\u00e9morandum, il est destin\u00e9 \u00e0 \u00e9tablir un concept business entre les deux pays.<\/p>\n<p>Quant au ministre \u00e9mirati de l\u2019\u00e9conomie, Abdulla Bin Touq Al Marri, qui trouve qu\u2019Investopia rappelle \u00abl\u2019utopie\u00bb, estime que cette plate-forme est \u00e9galement destin\u00e9e \u00e0 \u00abl\u2019investissement en technologie\u00bb. Par l\u2019occasion, il s\u2019exprime sur les d\u00e9fis de l\u2019heure. Et ce n\u2019est pas tout. Il saisit son passage pour r\u00e9v\u00e9ler que \u00ables opportunit\u00e9s viennent du march\u00e9 \u00e9conomique, notamment de l\u2019\u00e9conomie circulaire\u00bb. \u00abNous regardons aussi la capacit\u00e9 d\u2019innovation. Le futur de notre \u00e9conomie est important\u00bb, avance-t-il en mettant l\u2019accent sur la cr\u00e9ation de jobs pour les jeunes.<\/p>\n<p>Cela \u00e9tant, le d\u00e9bat a \u00e9galement port\u00e9 sur des industries comme celle pharmaceutique, les relations entre nos deux pays et Isra\u00ebl pour une \u00abcompl\u00e9mentarit\u00e9\u00bb. Pour rappel, une visite est pr\u00e9vue \u00e0 Tanger pour les participants.<\/p>\n<\/div>\n<p>Auteur: Salima Guisser<br \/>\n<a href=\"https:\/\/aujourdhui.ma\/economie\/reactivation-du-conseil-daffaires-maroco-emirati-un-memorandum-dentente-signe-pour-un-nouvel-elan\">Cliquez ici pour lire l&rsquo;article depuis sa source.<\/a><\/p>\n","protected":false},"excerpt":{"rendered":"<p>De par la signature, jeudi \u00e0 Rabat, du m\u00e9morandum d\u2019entente pour la r\u00e9activation du Conseil d\u2019affaires maroco-\u00e9mirati, les relations entre les entreprises des deux pays prendront un nouvel \u00e9lan. Une aspiration exprim\u00e9e en pr\u00e9lude \u00e0 cette signature par l\u2019ensemble des participants \u00e0 la rencontre \u00abInvestopia \u2013 Morocco Business Talk : Current market landscape, opportunities and [&hellip;]<\/p>\n","protected":false},"author":1759,"featured_media":0,"comment_status":"closed","ping_status":"closed","sticky":false,"template":"","format":"standard","meta":{"fifu_image_url":"https:\/\/aujourdhui.ma\/wp-content\/uploads\/2022\/06\/Conseil-daffaires-maroco-e\u0301mirati-El-Asri-Said-Ahmed-Al-Dhahri-et-Chakib-Alj-300x153.jpg","fifu_image_alt":"R\u00e9activation du Conseil d\u2019affaires maroco-\u00e9mirati : Un m\u00e9morandum d\u2019entente sign\u00e9 pour un nouvel \u00e9lan","footnotes":""},"categories":[73,54],"tags":[],"class_list":["post-149797","post","type-post","status-publish","format-standard","hentry","category-actualite","category-maroc"],"_links":{"self":[{"href":"https:\/\/linitiative.ca\/International\/wp-json\/wp\/v2\/posts\/149797","targetHints":{"allow":["GET"]}}],"collection":[{"href":"https:\/\/linitiative.ca\/International\/wp-json\/wp\/v2\/posts"}],"about":[{"href":"https:\/\/linitiative.ca\/International\/wp-json\/wp\/v2\/types\/post"}],"author":[{"embeddable":true,"href":"https:\/\/linitiative.ca\/International\/wp-json\/wp\/v2\/users\/1759"}],"replies":[{"embeddable":true,"href":"https:\/\/linitiative.ca\/International\/wp-json\/wp\/v2\/comments?post=149797"}],"version-history":[{"count":0,"href":"https:\/\/linitiative.ca\/International\/wp-json\/wp\/v2\/posts\/149797\/revisions"}],"wp:attachment":[{"href":"https:\/\/linitiative.ca\/International\/wp-json\/wp\/v2\/media?parent=149797"}],"wp:term":[{"taxonomy":"category","embeddable":true,"href":"https:\/\/linitiative.ca\/International\/wp-json\/wp\/v2\/categories?post=149797"},{"taxonomy":"post_tag","embeddable":true,"href":"https:\/\/linitiative.ca\/International\/wp-json\/wp\/v2\/tags?post=149797"}],"curies":[{"name":"wp","href":"https:\/\/api.w.org\/{rel}","templated":true}]}}