{"id":149810,"date":"2022-06-09T19:39:00","date_gmt":"2022-06-09T23:39:00","guid":{"rendered":"https:\/\/linitiative.ca\/International\/sar-la-princesse-lalla-hasnaa-preside-la-ceremonie-douverture-du-26eme-festival-de-fes-des-musiques-sacrees-du-monde\/"},"modified":"2022-06-09T19:39:00","modified_gmt":"2022-06-09T23:39:00","slug":"sar-la-princesse-lalla-hasnaa-preside-la-ceremonie-douverture-du-26eme-festival-de-fes-des-musiques-sacrees-du-monde","status":"publish","type":"post","link":"https:\/\/linitiative.ca\/International\/sar-la-princesse-lalla-hasnaa-preside-la-ceremonie-douverture-du-26eme-festival-de-fes-des-musiques-sacrees-du-monde\/","title":{"rendered":"SAR la Princesse Lalla Hasnaa pr\u00e9side la c\u00e9r\u00e9monie d\u2019ouverture du 26\u00e8me Festival de F\u00e8s des Musiques sacr\u00e9es du monde"},"content":{"rendered":"<div>\n<div style=\"margin-bottom:20px;\"><img loading=\"lazy\" decoding=\"async\" width=\"750\" height=\"430\" src=\"https:\/\/linitiative.ca\/International\/wp-content\/uploads\/sites\/23\/2022\/06\/festival-lalla-hasna-copier.jpg\" class=\"attachment-post-thumbnail size-post-thumbnail wp-post-image\" alt=\"\" srcset=\"https:\/\/linitiative.ca\/International\/wp-content\/uploads\/sites\/23\/2022\/06\/festival-lalla-hasna-copier.jpg 750w, https:\/\/www.mapmarrakech.ma\/map\/uploads\/2022\/06\/festival-lalla-hasna-copier-300x172.jpg 300w\" sizes=\"auto, (max-width: 750px) 100vw, 750px\"><\/div>\n<p>A son arriv\u00e9e sur la place historique \u00ab\u00a0Bab Makina\u00a0\u00bb, SAR la Princesse Lalla Hasnaa a pass\u00e9 en revue une section des Forces auxiliaires qui rendait les honneurs, avant d\u2019\u00eatre salu\u00e9e par le ministre de la Jeunesse, de la Culture et de la Communication, Mohamed Mehdi Bensaid, le wali de la r\u00e9gion F\u00e8s-Mekn\u00e8s, gouverneur de la pr\u00e9fecture de F\u00e8s, Essaid Zniber, le premier vice-pr\u00e9sident du Conseil de la r\u00e9gion F\u00e8s-Mekn\u00e8s, Youness Er-rafik, et le pr\u00e9sident du Conseil communal de F\u00e8s, Abdeslam Bekkali.<\/p>\n<p>Son Altesse Royale a \u00e9galement \u00e9t\u00e9 salu\u00e9e par le pr\u00e9sident du Conseil municipal Al Mechouar-F\u00e8s Jdid, Issam Filali Hammouz, et le pr\u00e9sident de la Fondation \u00ab\u00a0Esprit de F\u00e8s\u00a0\u00bb, Abderrafia Zouitene, ainsi que par les membres du Conseil d\u2019administration de la Fondation \u00ab\u00a0Esprit de F\u00e8s\u00a0\u00bb.<\/p>\n<p>Par la suite, SAR la Princesse Lalla Hasnaa a rejoint la tribune officielle o\u00f9 Son Altesse Royale a suivi le concert d\u2019ouverture de cette \u00e9dition (9 au 12 juin) qui, avec un mapping et des musiciens de diff\u00e9rentes traditions, invite \u00e0 voyager en musiques et en images projet\u00e9es sur les murs s\u00e9culaires de Bab Makina, au travers des cinq grandes religions du monde : Islam, Chr\u00e9tient\u00e9, Juda\u00efsme, Bouddhisme et Hindouisme.<\/p>\n<p>Un spectacle d\u2019ouverture, sous le th\u00e8me \u00ab\u00a0Voix et g\u00e9om\u00e9tries sacr\u00e9es\u00a0\u00bb, qui offre un voyage de F\u00e8s \u00e0 J\u00e9rusalem en passant par le Tibet, le Taj Mahal, la Cath\u00e9drale Notre-Dame pour finir \u00e0 Casablanca avec la Mosqu\u00e9e Hassan II.<\/p>\n<p>Une centaine d\u2019artistes, des chants sacr\u00e9s du Maroc appartenant aux trois religions monoth\u00e9istes, le qawwal indien, la danse kathak qui contait autrefois les faits des divinit\u00e9s du \u00ab\u00a0san\u0101tanadharma\u00a0\u00bb (loi \u00e9ternelle), et les po\u00e8mes bouddhistes de Milarepa, tous exaltent un sacr\u00e9 qui a r\u00e9ussi \u00e0 traverser jusqu\u2019\u00e0 aujourd\u2019hui toutes les crises de l\u2019Humanit\u00e9.<\/p>\n<p>De la cath\u00e9drale gothique \u00e0 la synagogue h\u00e9bra\u00efque, du marbre immacul\u00e9 de l\u2019Inde mongole aux zelliges d\u2019argile des mosqu\u00e9es imp\u00e9riales du Maroc, le visible rend hommage \u00e0 l\u2019invisible, trace des axes verticaux entre le ciel et la terre, le cosmos et la nature.<\/p>\n<p>La parole divine semble se blottir dans le recoin des pierres, souvent \u00e9clair\u00e9e par quelques parcelles de lumi\u00e8re, filtrant \u00e0 travers vitraux ou moucharabieh. Les colonnes favorisent l\u2019\u00e9l\u00e9vation des esprits et le relief du clair-obscur sugg\u00e8re cette sensation de retour au jardin d\u2019\u00c9den.<\/p>\n<p>Un paradis architectural dessin\u00e9 par des artisans issus du compagnonnage qui, avec leurs r\u00e8gles et compas, ont fait se c\u00f4toyer angles droits, cintres, voutes, coupoles et ogives \u00e0 travers une g\u00e9om\u00e9trie et une partition souvent soumise \u00e0 la divine proportion.<\/p>\n<p>La sc\u00e9nographie de cette soir\u00e9e d\u2019ouverture, con\u00e7ue et mise en sc\u00e8ne par Alain Weber, a fait la part belle \u00e0 une brochette d\u2019artistes de renom parmi lesquels Fran\u00e7oise Atlan, qui est le cha\u00eenon manquant d\u2019une M\u00e9diterran\u00e9e habit\u00e9e de cette multitude de courants musicaux, fruits de migrations les plus extraordinaires, et dont l\u2019expression vocale est une travers\u00e9e de l\u2019histoire jud\u00e9o-arabe et berb\u00e8re.<\/p>\n<p>Il s\u2019agit \u00e9galement de la compagnie espagnole de danse verticale \u00ab\u00a0Delrev\u00e9s\u00a0\u00bb, qui a cr\u00e9\u00e9 un langage po\u00e9tique o\u00f9 le geste devient comme sanctifi\u00e9, du Choeur de chambre du Maroc dirig\u00e9 par Amine Hadef, de Lobsang Chonzor (Tibet) incarnant \u00e0 lui seul le po\u00e8te, l\u2019asc\u00e8te et le ma\u00eetre spirituel port\u00e9 par une l\u00e9gende initiatique, et de Kathak Academy et Anuj Arjun Mishra Dance Company (Inde).<\/p>\n<p>En partant de l\u2019horloge hydraulique, la Bouinaniyya, qui rythmait le temps de F\u00e8s, des voix c\u00e9l\u00e8brent ainsi la majest\u00e9 des rosaces m\u00e9di\u00e9vales comme celle de Notre-Dame dite \u00ab\u00a0rose \u00e0 rayons\u00a0\u00bb (1250).<\/p>\n<p>Au terme de ce concert inaugural, SAR la Princesse Lalla Hasnaa a \u00e9t\u00e9 salu\u00e9e par des membres de la cr\u00e9ation artistique du spectacle d\u2019ouverture.<\/p>\n<p>The post <a rel=\"nofollow\" href=\"https:\/\/www.mapmarrakech.ma\/fr\/sar-la-princesse-lalla-hasnaa-preside-la-ceremonie-douverture-du-26eme-festival-de-fes-des-musiques-sacrees-du-monde\/\">SAR la Princesse Lalla Hasnaa pr\u00e9side la c\u00e9r\u00e9monie d\u2019ouverture du 26\u00e8me Festival de F\u00e8s des Musiques sacr\u00e9es du monde<\/a> appeared first on <a rel=\"nofollow\" href=\"https:\/\/www.mapmarrakech.ma\/fr\">MapMarrakech<\/a>.<\/p>\n<\/div>\n<p>Auteur: Meriem IGASS<br \/>\n<a href=\"https:\/\/www.mapmarrakech.ma\/fr\/sar-la-princesse-lalla-hasnaa-preside-la-ceremonie-douverture-du-26eme-festival-de-fes-des-musiques-sacrees-du-monde\/\">Cliquez ici pour lire l&rsquo;article depuis sa source.<\/a><\/p>\n","protected":false},"excerpt":{"rendered":"<p>A son arriv\u00e9e sur la place historique \u00ab\u00a0Bab Makina\u00a0\u00bb, SAR la Princesse Lalla Hasnaa a pass\u00e9 en revue une section des Forces auxiliaires qui rendait les honneurs, avant d\u2019\u00eatre salu\u00e9e par le ministre de la Jeunesse, de la Culture et de la Communication, Mohamed Mehdi Bensaid, le wali de la r\u00e9gion F\u00e8s-Mekn\u00e8s, gouverneur de la [&hellip;]<\/p>\n","protected":false},"author":1788,"featured_media":0,"comment_status":"closed","ping_status":"closed","sticky":false,"template":"","format":"standard","meta":{"fifu_image_url":"https:\/\/www.mapmarrakech.ma\/map\/uploads\/2022\/06\/festival-lalla-hasna-copier.jpg","fifu_image_alt":"SAR la Princesse Lalla Hasnaa pr\u00e9side la c\u00e9r\u00e9monie d\u2019ouverture du 26\u00e8me Festival de F\u00e8s des Musiques sacr\u00e9es du monde","footnotes":""},"categories":[54,76],"tags":[],"class_list":["post-149810","post","type-post","status-publish","format-standard","hentry","category-maroc","category-regions"],"_links":{"self":[{"href":"https:\/\/linitiative.ca\/International\/wp-json\/wp\/v2\/posts\/149810","targetHints":{"allow":["GET"]}}],"collection":[{"href":"https:\/\/linitiative.ca\/International\/wp-json\/wp\/v2\/posts"}],"about":[{"href":"https:\/\/linitiative.ca\/International\/wp-json\/wp\/v2\/types\/post"}],"author":[{"embeddable":true,"href":"https:\/\/linitiative.ca\/International\/wp-json\/wp\/v2\/users\/1788"}],"replies":[{"embeddable":true,"href":"https:\/\/linitiative.ca\/International\/wp-json\/wp\/v2\/comments?post=149810"}],"version-history":[{"count":0,"href":"https:\/\/linitiative.ca\/International\/wp-json\/wp\/v2\/posts\/149810\/revisions"}],"wp:attachment":[{"href":"https:\/\/linitiative.ca\/International\/wp-json\/wp\/v2\/media?parent=149810"}],"wp:term":[{"taxonomy":"category","embeddable":true,"href":"https:\/\/linitiative.ca\/International\/wp-json\/wp\/v2\/categories?post=149810"},{"taxonomy":"post_tag","embeddable":true,"href":"https:\/\/linitiative.ca\/International\/wp-json\/wp\/v2\/tags?post=149810"}],"curies":[{"name":"wp","href":"https:\/\/api.w.org\/{rel}","templated":true}]}}