{"id":149812,"date":"2022-06-09T19:52:46","date_gmt":"2022-06-09T23:52:46","guid":{"rendered":"https:\/\/linitiative.ca\/International\/sar-la-princesse-lalla-hasnaa-inaugure-dar-tazi-siege-de-lassociation-fes-saiss-pour-le-developpement-culturel-social-et-economique-et-de-la-fondation-es\/"},"modified":"2022-06-09T19:52:46","modified_gmt":"2022-06-09T23:52:46","slug":"sar-la-princesse-lalla-hasnaa-inaugure-dar-tazi-siege-de-lassociation-fes-saiss-pour-le-developpement-culturel-social-et-economique-et-de-la-fondation-es","status":"publish","type":"post","link":"https:\/\/linitiative.ca\/International\/sar-la-princesse-lalla-hasnaa-inaugure-dar-tazi-siege-de-lassociation-fes-saiss-pour-le-developpement-culturel-social-et-economique-et-de-la-fondation-es\/","title":{"rendered":"SAR la Princesse Lalla Hasnaa inaugure \u00ab\u00a0Dar Tazi\u00a0\u00bb, si\u00e8ge de l\u2019association F\u00e8s-Saiss pour le d\u00e9veloppement culturel, social et \u00e9conomique et de la Fondation \u00ab\u00a0Esprit de F\u00e8s\u00a0\u00bb"},"content":{"rendered":"<div>\n<div style=\"margin-bottom:20px;\"><img loading=\"lazy\" decoding=\"async\" width=\"750\" height=\"430\" src=\"https:\/\/linitiative.ca\/International\/wp-content\/uploads\/sites\/23\/2022\/06\/lalla-hasna-inauguration-dar-tazi-copier.jpg\" class=\"attachment-post-thumbnail size-post-thumbnail wp-post-image\" alt=\"\" srcset=\"https:\/\/linitiative.ca\/International\/wp-content\/uploads\/sites\/23\/2022\/06\/lalla-hasna-inauguration-dar-tazi-copier.jpg 750w, https:\/\/www.mapmarrakech.ma\/map\/uploads\/2022\/06\/lalla-hasna-inauguration-dar-tazi-copier-300x172.jpg 300w\" sizes=\"auto, (max-width: 750px) 100vw, 750px\"><\/div>\n<p>A son arriv\u00e9e \u00e0 \u00ab\u00a0Bab Al Batha\u00a0\u00bb \u00e0 F\u00e8s, SAR la Princesse Lalla Hasnaa a pass\u00e9 en revue une section des Forces auxiliaires qui rendait les honneurs, avant d\u2019\u00eatre salu\u00e9e par le ministre de la Jeunesse, de la Culture et de la Communication, Mohamed Mehdi Bensaid, le wali de la r\u00e9gion F\u00e8s-Mekn\u00e8s, gouverneur de la pr\u00e9fecture de F\u00e8s, Essaid Zniber, le premier vice-pr\u00e9sident du Conseil de la r\u00e9gion F\u00e8s-Mekn\u00e8s, Younes Er-rafik, le pr\u00e9sident du Conseil communal de F\u00e8s, Abdeslam Bekkali, et le Directeur G\u00e9n\u00e9ral de l\u2019Agence de D\u00e9veloppement et de R\u00e9habilitation de la M\u00e9dina de F\u00e8s, Fouad Sarghini.<\/p>\n<p>Son Altesse Royale a \u00e9galement \u00e9t\u00e9 salu\u00e9e par le pr\u00e9sident du Conseil d\u2019arrondissement F\u00e8s M\u00e9dina, Yassir Jaouhar, le pr\u00e9sident de l\u2019Association F\u00e8s-Saiss pour le d\u00e9veloppement culturel, social et \u00e9conomique, Omar Marrakchi, le pr\u00e9sident de la Fondation \u00ab\u00a0Esprit de F\u00e8s\u00a0\u00bb, Abderrafia Zouitene et par les membres des Conseils d\u2019administration de l\u2019Association F\u00e8s-Saiss et de la Fondation \u00ab\u00a0Esprit de F\u00e8s\u00a0\u00bb.<\/p>\n<p>Apr\u00e8s avoir coup\u00e9 le ruban inaugural, SAR la Princesse Lalla Hasnaa a suivi des explications sur le projet de restauration du si\u00e8ge de l\u2019association F\u00e8s-Saiss et de la Fondation \u00ab\u00a0Esprit de F\u00e8s\u00a0\u00bb, qui a port\u00e9 sur le confortement des fondations et des structures, la restauration de la boiserie, stucs en pl\u00e2tre et Zellige et sur le r\u00e9am\u00e9nagement des espaces verts.<\/p>\n<p>Les travaux de r\u00e9habilitation de ce si\u00e8ge, fond\u00e9 au d\u00e9but du 20\u00e8me si\u00e8cle et \u00e9tal\u00e9 sur une superficie de 6708 m2, ont co\u00fbt\u00e9 23,62 millions de dirhams (MDH).<\/p>\n<p>Son Altesse Royale a, par la suite, visit\u00e9 la salle Abdelkrim Raiss, la salle Moulay Ali Skalli, l\u2019espace de la cr\u00e9ativit\u00e9 et la salle Ahmed Tayeb La\u00e2lej.<\/p>\n<p>The post <a rel=\"nofollow\" href=\"https:\/\/www.mapmarrakech.ma\/fr\/sar-la-princesse-lalla-hasnaa-inaugure-dar-tazi-siege-de-lassociation-fes-saiss-pour-le-developpement-culturel-social-et-economique-et-de-la-fondation-esprit-de-fes\/\">SAR la Princesse Lalla Hasnaa inaugure \u00ab\u00a0Dar Tazi\u00a0\u00bb, si\u00e8ge de l\u2019association F\u00e8s-Saiss pour le d\u00e9veloppement culturel, social et \u00e9conomique et de la Fondation \u00ab\u00a0Esprit de F\u00e8s\u00a0\u00bb<\/a> appeared first on <a rel=\"nofollow\" href=\"https:\/\/www.mapmarrakech.ma\/fr\">MapMarrakech<\/a>.<\/p>\n<\/div>\n<p>Auteur: Meriem IGASS<br \/>\n<a href=\"https:\/\/www.mapmarrakech.ma\/fr\/sar-la-princesse-lalla-hasnaa-inaugure-dar-tazi-siege-de-lassociation-fes-saiss-pour-le-developpement-culturel-social-et-economique-et-de-la-fondation-esprit-de-fes\/\">Cliquez ici pour lire l&rsquo;article depuis sa source.<\/a><\/p>\n","protected":false},"excerpt":{"rendered":"<p>A son arriv\u00e9e \u00e0 \u00ab\u00a0Bab Al Batha\u00a0\u00bb \u00e0 F\u00e8s, SAR la Princesse Lalla Hasnaa a pass\u00e9 en revue une section des Forces auxiliaires qui rendait les honneurs, avant d\u2019\u00eatre salu\u00e9e par le ministre de la Jeunesse, de la Culture et de la Communication, Mohamed Mehdi Bensaid, le wali de la r\u00e9gion F\u00e8s-Mekn\u00e8s, gouverneur de la [&hellip;]<\/p>\n","protected":false},"author":1788,"featured_media":0,"comment_status":"closed","ping_status":"closed","sticky":false,"template":"","format":"standard","meta":{"fifu_image_url":"https:\/\/www.mapmarrakech.ma\/map\/uploads\/2022\/06\/lalla-hasna-inauguration-dar-tazi-copier.jpg","fifu_image_alt":"SAR la Princesse Lalla Hasnaa inaugure \u00ab\u00a0Dar Tazi\u00a0\u00bb, si\u00e8ge de l\u2019association F\u00e8s-Saiss pour le d\u00e9veloppement culturel, social et \u00e9conomique et de la Fondation \u00ab\u00a0Esprit de F\u00e8s\u00a0\u00bb","footnotes":""},"categories":[54,76],"tags":[],"class_list":["post-149812","post","type-post","status-publish","format-standard","hentry","category-maroc","category-regions"],"_links":{"self":[{"href":"https:\/\/linitiative.ca\/International\/wp-json\/wp\/v2\/posts\/149812","targetHints":{"allow":["GET"]}}],"collection":[{"href":"https:\/\/linitiative.ca\/International\/wp-json\/wp\/v2\/posts"}],"about":[{"href":"https:\/\/linitiative.ca\/International\/wp-json\/wp\/v2\/types\/post"}],"author":[{"embeddable":true,"href":"https:\/\/linitiative.ca\/International\/wp-json\/wp\/v2\/users\/1788"}],"replies":[{"embeddable":true,"href":"https:\/\/linitiative.ca\/International\/wp-json\/wp\/v2\/comments?post=149812"}],"version-history":[{"count":0,"href":"https:\/\/linitiative.ca\/International\/wp-json\/wp\/v2\/posts\/149812\/revisions"}],"wp:attachment":[{"href":"https:\/\/linitiative.ca\/International\/wp-json\/wp\/v2\/media?parent=149812"}],"wp:term":[{"taxonomy":"category","embeddable":true,"href":"https:\/\/linitiative.ca\/International\/wp-json\/wp\/v2\/categories?post=149812"},{"taxonomy":"post_tag","embeddable":true,"href":"https:\/\/linitiative.ca\/International\/wp-json\/wp\/v2\/tags?post=149812"}],"curies":[{"name":"wp","href":"https:\/\/api.w.org\/{rel}","templated":true}]}}