{"id":149814,"date":"2022-06-10T08:15:59","date_gmt":"2022-06-10T12:15:59","guid":{"rendered":"https:\/\/linitiative.ca\/International\/marrakech-a-lheure-de-ledition-2022-du-congres-du-sommeil\/"},"modified":"2022-06-10T08:15:59","modified_gmt":"2022-06-10T12:15:59","slug":"marrakech-a-lheure-de-ledition-2022-du-congres-du-sommeil","status":"publish","type":"post","link":"https:\/\/linitiative.ca\/International\/marrakech-a-lheure-de-ledition-2022-du-congres-du-sommeil\/","title":{"rendered":"Marrakech \u00e0 l\u2019heure de l\u2019\u00e9dition 2022 du Congr\u00e8s du sommeil"},"content":{"rendered":"<div>\n<div style=\"margin-bottom:20px;\"><img loading=\"lazy\" decoding=\"async\" width=\"750\" height=\"430\" src=\"https:\/\/linitiative.ca\/International\/wp-content\/uploads\/sites\/23\/2022\/06\/sommeil-copier.jpg\" class=\"attachment-post-thumbnail size-post-thumbnail wp-post-image\" alt=\"\" srcset=\"https:\/\/linitiative.ca\/International\/wp-content\/uploads\/sites\/23\/2022\/06\/sommeil-copier.jpg 750w, https:\/\/www.mapmarrakech.ma\/map\/uploads\/2022\/06\/sommeil-copier-300x172.jpg 300w\" sizes=\"auto, (max-width: 750px) 100vw, 750px\"><\/div>\n<p>Organis\u00e9 en partenariat avec l\u2019Agence Nationale de S\u00e9curit\u00e9 Routi\u00e8re (NARSA) et l\u2019Association Marocaine des M\u00e9decins agr\u00e9\u00e9s \u00e0 certifier l\u2019aptitude m\u00e9dicale au permis de conduire (ASMAMAP), le Congr\u00e8s du Sommeil rassemble quelque 25 conf\u00e9renciers nationaux et internationaux, qui auront \u00e0 examiner, trois jours durant, des probl\u00e9matiques ax\u00e9es sur les troubles du sommeil et les AVP ou encore les troubles du sommeil chez l\u2019enfant.<\/p>\n<p>Ce congr\u00e8s jumel\u00e9 au 5\u00e8 congr\u00e8s de la F\u00e9d\u00e9ration Marocaine de M\u00e9decine du Sommeil et de la Vigilance (FMMSV), au 4\u00e8 Congr\u00e8s de l\u2019Association Franco-Marocaine du Sommeil (AFMASOM) et au 2\u00e8 congr\u00e8s de l\u2019Association Franco-marocaine des Troubles Respiratoires Obstructifs du Sommeil de l\u2019enfant (AFMATROS), offre \u00e9galement l\u2019opportunit\u00e9 de mettre l\u2019accent sur les risques graves que peut engendrer cette maladie chez l\u2019adulte.<\/p>\n<p>Dans une d\u00e9claration \u00e0 M24, la chaine t\u00e9l\u00e9vis\u00e9e de l\u2019information en continu de la MAP, M. Mohamed El Ibrahimi, Pr\u00e9sident de la FMMSV et pr\u00e9sident de l\u2019AFMASOM, a indiqu\u00e9 que les troubles respiratoires obstructifs au sommeil des enfants (TROS), se traduisant par une hyperactivit\u00e9 ou une somnolence, ou des troubles du comportement, peuvent \u00eatre soign\u00e9s s\u2019ils sont diagnostiqu\u00e9s \u00e0 temps.<\/p>\n<p>Ces troubles restent m\u00e9connus et le parcours de sant\u00e9 est un v\u00e9ritable calvaire pour les parents de l\u2019enfant qui en souffre, a-t-il expliqu\u00e9, relevant que les enfants souffrant de TROS font des arr\u00eats de respiration la nuit (apn\u00e9e), qui sont responsables soit d\u2019une somnolence soit d\u2019une hyperactivit\u00e9, d\u2019o\u00f9 l\u2019importance de la d\u00e9tection pr\u00e9coce de ces troubles de sommeil pour un traitement d\u00e9finitif gr\u00e2ce \u00e0 l\u2019intervention d\u2019un ORL, un pneumologue, un orthodontiste ou un p\u00e9diatre.<\/p>\n<p>Si l\u2019apn\u00e9e du sommeil n\u2019est pas trait\u00e9e en bas \u00e2ge, il devient une maladie chronique qu\u2019il faut traiter de fa\u00e7on chronique chez l\u2019adulte, a-t-il pr\u00e9cis\u00e9.<\/p>\n<p>Dans ce cadre, M. El Ibrahimi, \u00e9galement pneumologue et vice-pr\u00e9sident de l\u2019Association des troubles respiratoires de l\u2019enfant, a relev\u00e9 que les patients qui ont des troubles de sommeil la nuit en rapport avec l\u2019apn\u00e9e, sont responsables de 3 \u00e0 7 fois plus d\u2019accidents que la population normale.<\/p>\n<p>Dans une d\u00e9claration similaire, M. Robert Clavel, pr\u00e9sident de l\u2019Association franco-marocaine des troubles respiratoires obstructifs du Sommeil de l\u2019enfant (AFMATROS), a relev\u00e9 que l\u2019apn\u00e9e du sommeil, qui peut \u00eatre fatale \u00e0 la scolarit\u00e9 de l\u2019enfant, d\u00e9bute dans l\u2019enfance, alors que son traitement dans cet \u00e2ge passe par la mise en place d\u2019appareils qui vont agrandir le palais et lui permettre de repositionner sa langue.<\/p>\n<p>Lorsque cette maladie est d\u00e9tect\u00e9e \u00e0 temps, l\u2019enfant peut \u00eatre soign\u00e9 compl\u00e8tement, a-t-il ajout\u00e9, estimant que l\u2019apn\u00e9e du sommeil une fois non trait\u00e9e, et associ\u00e9e \u00e0 d\u2019autres facteurs tels que le surpoids et l\u2019\u00e2ge, devient une maladie chronique chez le patient adulte, qui commence \u00e0 souffrir de somnolence et de fatigue persistantes, a-t-il expliqu\u00e9.<\/p>\n<p>\u00ab\u00a0Chez l\u2019adulte, les troubles du sommeil ne sont pas consid\u00e9r\u00e9s comme une pathologie alors que cela peut conduire \u00e0 des accidents mortels, notamment parmi les conducteurs professionnels ou de transporteurs par exemple\u00a0\u00bb, a-t-il fait remarquer.<\/p>\n<p>Par ailleurs, il convient de noter que plusieurs parents sont parfois confront\u00e9s \u00e0 des troubles du comportement de leurs enfants et ne font pas imm\u00e9diatement le lien avec les pathologies du sommeil.<\/p>\n<p>A ce titre, les organisateurs ont annonc\u00e9 un projet pilote men\u00e9 avec l\u2019h\u00f4pital d\u2019enfants \u00e0 Rabat pour la formation aux TROS de l\u2019enfant. La cr\u00e9ation de cette entit\u00e9 vise une meilleure sensibilisation du corps m\u00e9dical, param\u00e9dical et du grand public \u00e0 cette pathologie aussi fr\u00e9quente que m\u00e9connue.<\/p>\n<p>Lors de ce conclave, les d\u00e9bats porteront sur des th\u00e9matiques majeures li\u00e9es aux \u00ab\u00a0accidents de la voie publique et la strat\u00e9gie nationale de la s\u00e9curit\u00e9 routi\u00e8re en mati\u00e8re de r\u00e9duction des AVP li\u00e9s au sommeil\u00a0\u00bb, aux \u00ab\u00a0cons\u00e9quences des conditions extr\u00eames sur le sommeil : exp\u00e9rience d\u2019un amiral de la flotte maritime\u00a0\u00bb, \u00e0 \u00ab\u00a0l\u2019intelligence artificielle et le sommeil : le traitement des troubles du sommeil est le segment de la sant\u00e9 le plus digitalis\u00e9\u00a0\u00bb, au \u00ab\u00a0sommeil et les troubles respiratoires et cardiovasculaire ainsi que m\u00e9taboliques (ob\u00e9sit\u00e9)\u00a0\u00bb et aux \u00ab\u00a0troubles respiratoires obstructifs du sommeil de l\u2019enfant\u00a0\u00bb.<\/p>\n<p>En marge de ce congr\u00e8s, il sera proc\u00e9d\u00e9, selon les organisateurs, \u00e0 la cr\u00e9ation de l\u2019Association Franco-marocaine des Troubles Respiratoires Obstructifs du Sommeil de l\u2019enfant (AFMATROS).<\/p>\n<p>Cette association, explique-t-on, est d\u00e9di\u00e9e aux troubles du sommeil chez l\u2019enfant vu l\u2019importance accord\u00e9e \u00e0 cette maladie tr\u00e8s rarement d\u00e9tect\u00e9e et dont les sympt\u00f4mes peuvent \u00eatre une hyperactivit\u00e9 de l\u2019enfant ou une somnolence avec ce que cela implique comme cons\u00e9quences sur ses \u00e9tudes et sur son avenir.<\/p>\n<p>La cr\u00e9ation de cette association vise aussi \u00e0 sensibiliser, former et accompagner les professionnels de la sant\u00e9 (pneumologues, ORL, p\u00e9diatres, cardiologues, orthodontistes, endocrinologues, neurologues, g\u00e9n\u00e9ralistes et p\u00e9dodontistes\u2026) et les d\u00e9pisteurs, notamment les enseignants, les \u00e9ducateurs et les parents pour sauver des vies.<\/p>\n<p>The post <a rel=\"nofollow\" href=\"https:\/\/www.mapmarrakech.ma\/fr\/marrakech-a-lheure-de-ledition-2022-du-congres-du-sommeil\/\">Marrakech \u00e0 l\u2019heure de l\u2019\u00e9dition 2022 du Congr\u00e8s du sommeil<\/a> appeared first on <a rel=\"nofollow\" href=\"https:\/\/www.mapmarrakech.ma\/fr\">MapMarrakech<\/a>.<\/p>\n<\/div>\n<p>Auteur: Meriem IGASS<br \/>\n<a href=\"https:\/\/www.mapmarrakech.ma\/fr\/marrakech-a-lheure-de-ledition-2022-du-congres-du-sommeil\/\">Cliquez ici pour lire l&rsquo;article depuis sa source.<\/a><\/p>\n","protected":false},"excerpt":{"rendered":"<p>Organis\u00e9 en partenariat avec l\u2019Agence Nationale de S\u00e9curit\u00e9 Routi\u00e8re (NARSA) et l\u2019Association Marocaine des M\u00e9decins agr\u00e9\u00e9s \u00e0 certifier l\u2019aptitude m\u00e9dicale au permis de conduire (ASMAMAP), le Congr\u00e8s du Sommeil rassemble quelque 25 conf\u00e9renciers nationaux et internationaux, qui auront \u00e0 examiner, trois jours durant, des probl\u00e9matiques ax\u00e9es sur les troubles du sommeil et les AVP ou [&hellip;]<\/p>\n","protected":false},"author":1788,"featured_media":0,"comment_status":"closed","ping_status":"closed","sticky":false,"template":"","format":"standard","meta":{"fifu_image_url":"https:\/\/www.mapmarrakech.ma\/map\/uploads\/2022\/06\/sommeil-copier.jpg","fifu_image_alt":"Marrakech \u00e0 l\u2019heure de l\u2019\u00e9dition 2022 du Congr\u00e8s du sommeil","footnotes":""},"categories":[54,76],"tags":[],"class_list":["post-149814","post","type-post","status-publish","format-standard","hentry","category-maroc","category-regions"],"_links":{"self":[{"href":"https:\/\/linitiative.ca\/International\/wp-json\/wp\/v2\/posts\/149814","targetHints":{"allow":["GET"]}}],"collection":[{"href":"https:\/\/linitiative.ca\/International\/wp-json\/wp\/v2\/posts"}],"about":[{"href":"https:\/\/linitiative.ca\/International\/wp-json\/wp\/v2\/types\/post"}],"author":[{"embeddable":true,"href":"https:\/\/linitiative.ca\/International\/wp-json\/wp\/v2\/users\/1788"}],"replies":[{"embeddable":true,"href":"https:\/\/linitiative.ca\/International\/wp-json\/wp\/v2\/comments?post=149814"}],"version-history":[{"count":0,"href":"https:\/\/linitiative.ca\/International\/wp-json\/wp\/v2\/posts\/149814\/revisions"}],"wp:attachment":[{"href":"https:\/\/linitiative.ca\/International\/wp-json\/wp\/v2\/media?parent=149814"}],"wp:term":[{"taxonomy":"category","embeddable":true,"href":"https:\/\/linitiative.ca\/International\/wp-json\/wp\/v2\/categories?post=149814"},{"taxonomy":"post_tag","embeddable":true,"href":"https:\/\/linitiative.ca\/International\/wp-json\/wp\/v2\/tags?post=149814"}],"curies":[{"name":"wp","href":"https:\/\/api.w.org\/{rel}","templated":true}]}}