{"id":149816,"date":"2022-06-10T08:22:55","date_gmt":"2022-06-10T12:22:55","guid":{"rendered":"https:\/\/linitiative.ca\/International\/mendicite-bilan-du-plan-daction-pour-la-protection-des-enfants\/"},"modified":"2022-06-10T08:22:55","modified_gmt":"2022-06-10T12:22:55","slug":"mendicite-bilan-du-plan-daction-pour-la-protection-des-enfants","status":"publish","type":"post","link":"https:\/\/linitiative.ca\/International\/mendicite-bilan-du-plan-daction-pour-la-protection-des-enfants\/","title":{"rendered":"Mendicit\u00e9: Bilan du Plan d\u2019action pour la protection des enfants"},"content":{"rendered":"<div>\n<div style=\"margin-bottom:20px;\"><img loading=\"lazy\" decoding=\"async\" width=\"750\" height=\"430\" src=\"https:\/\/linitiative.ca\/International\/wp-content\/uploads\/sites\/23\/2022\/06\/mendicitC3A9-copier.jpg\" class=\"attachment-post-thumbnail size-post-thumbnail wp-post-image\" alt=\"\" srcset=\"https:\/\/linitiative.ca\/International\/wp-content\/uploads\/sites\/23\/2022\/06\/mendicitC3A9-copier.jpg 750w, https:\/\/www.mapmarrakech.ma\/map\/uploads\/2022\/06\/mendicit\u00e9-copier-300x172.jpg 300w\" sizes=\"auto, (max-width: 750px) 100vw, 750px\"><\/div>\n<p>Initi\u00e9e au si\u00e8ge de la Ligue Marocaine pour la Protection de l\u2019Enfance (LMPE) \u00e0 Marrakech, cette rencontre s\u2019inscrit dans le cadre de la mise en \u0153uvre de ce plan lanc\u00e9 par le Minist\u00e8re de la Solidarit\u00e9, de l\u2019Insertion sociale et de la Famille et la Pr\u00e9sidence du Minist\u00e8re public, en coordination avec un ensemble de d\u00e9partements minist\u00e9riels, d\u2019institutions publiques, de l\u2019Observatoire National des Droits de l\u2019enfant, la LMPE et la soci\u00e9t\u00e9 civile.<\/p>\n<p>Devant un parterre de magistrats, d\u2019acteurs de la soci\u00e9t\u00e9 civile et de militants des droits de l\u2019homme, Mohamed Ouakrim, Sp\u00e9cialiste de l\u2019assistance sociale au centre d\u2019accompagnement pour la protection de l\u2019enfance relevant de l\u2019Entraide Nationale, Mohamed, a pass\u00e9 en revue les grandes lignes du bilan des actions de l\u2019\u00e9quipe de terrain supervisant la mise en \u0153uvre de ce plan au niveau de Marrakech, durant la p\u00e9riode s\u2019\u00e9talant du 10 juin 2021 au 30 avril 2022.<\/p>\n<p>Dans ce cadre, il a relev\u00e9 que le plan a atteint ses objectifs au niveau de la pr\u00e9fecture de Marrakech, \u00e0 travers le renforcement de la protection judiciaire et sociale des enfants victimes de l\u2019exploitation dans la mendicit\u00e9, indiquant que la ville de Marrakech vient en premi\u00e8re position au niveau de l\u2019interaction avec le plan de lutte contre ce fl\u00e9au et ce, gr\u00e2ce \u00e0 la f\u00e9d\u00e9ration des efforts des \u00e9tablissements publics et du pouvoir judiciaire ainsi que des composantes de la soci\u00e9t\u00e9 civile.<\/p>\n<p>Chiffres \u00e0 l\u2019appui, il a soulign\u00e9 que le plan a contribu\u00e9 \u00e0 sauver plusieurs enfants de l\u2019exploitation dans la mendicit\u00e9 durant la p\u00e9riode pr\u00e9cit\u00e9e, indiquant que les enfants ont b\u00e9n\u00e9fici\u00e9 d\u2019assistance sociale et ont \u00e9t\u00e9 r\u00e9int\u00e9gr\u00e9s au sein de leurs familles.<\/p>\n<p>De son c\u00f4t\u00e9, le coordinateur r\u00e9gional de l\u2019Entraide nationale \u00e0 Marrakech-Safi, M. Fahd Kamal, a soulign\u00e9 que cette rencontre de communication vise \u00e0 examiner le Plan d\u2019action pour la protection des enfants de l\u2019exploitation dans la mendicit\u00e9, relevant que la mise en \u0153uvre de ce plan est effectu\u00e9e dans le cadre de la convergence entre le Parquet g\u00e9n\u00e9ral et la soci\u00e9t\u00e9 civile.<\/p>\n<p>Dans une d\u00e9claration \u00e0 M24, la chaine t\u00e9l\u00e9vis\u00e9e de l\u2019information en continu de la MAP, M. Fahd Kamal a indiqu\u00e9 que l\u2019ex\u00e9cution de ce plan a permis de sauver plusieurs enfants durant les 10 derniers mois, dont certains ont \u00e9t\u00e9 r\u00e9int\u00e9gr\u00e9s au sein de leurs familles alors que d\u2019autres ont int\u00e9gr\u00e9 des centres de formation relevant de l\u2019Entraide nationale.<\/p>\n<p>Dans une d\u00e9claration similaire, le substitut du procureur g\u00e9n\u00e9ral du Roi pr\u00e8s la Cour d\u2019Appel de Marrakech, Moulay Hassan Souidi, a soulign\u00e9 que cette rencontre de communication constitue une occasion pour \u00e9valuer le Plan d\u2019action pour la protection des enfants de l\u2019exploitation dans la mendicit\u00e9 lanc\u00e9 par le Minist\u00e8re de la Solidarit\u00e9, de l\u2019Insertion sociale et de la Famille et la Pr\u00e9sidence du Minist\u00e8re public, en vue de lutter contre le ph\u00e9nom\u00e8ne de la mendicit\u00e9.<\/p>\n<p>M.Souidi, \u00e9galement pr\u00e9sident de la Cellule r\u00e9gionale de prise en charge judiciaire des enfants et femmes victimes de la violence \u00e0 Marrakech, a relev\u00e9 que la mise en application de ce plan vient traduire la Vision de Sa Majest\u00e9 le Roi Mohammed VI pr\u00f4nant l\u2019action participative et la coordination avec tous les d\u00e9partements gouvernementaux au niveau de la r\u00e9gion Marrakech-Safi.<\/p>\n<p>\u00ab\u00a0Marrakech occupe la premi\u00e8re position au niveau de la bonne mise en \u0153uvre de ce plan\u00a0\u00bb, s\u2019est-il f\u00e9licit\u00e9, soulignant l\u2019importance de cette rencontre dans l\u2019\u00e9valuation de ce plan afin de corriger les dysfonctionnements qui apparaissent lors de la mise en \u0153uvre.<\/p>\n<p>Le Substitut du procureur du Roi pr\u00e8s le tribunal de premi\u00e8re instance \u00e0 Marrakech et pr\u00e9sidente de la cellule locale de prise en charge judiciaire des femmes et enfants victimes de la violence \u00e0 Marrakech, Hakima Bahtia, a pour sa part, mis en relief les r\u00e9sultats positifs r\u00e9alis\u00e9s au niveau de Marrakech dans le cadre de la lutte contre le ph\u00e9nom\u00e8ne d\u2019exploitation des enfants \u00e0 des fins de mendicit\u00e9, ainsi que le r\u00f4le de coordination qu\u2019a jou\u00e9 le Parquet avec les autres intervenants, indiquant que le Minist\u00e8re Public intervient de mani\u00e8re instantan\u00e9e et prend toutes les mesures n\u00e9cessaires dans chaque notification relative \u00e0 l\u2019exploitation des enfants dans la mendicit\u00e9.<\/p>\n<p>A rappeler que ledit Plan vise \u00e0 prot\u00e9ger les enfants victimes d\u2019exploitation dans la mendicit\u00e9 conform\u00e9ment aux dispositions du Code P\u00e9nal marocain, en pr\u00e9voyant des mesures d\u2019accompagnement de l\u2019application des dispositions de la loi en vigueur en la mati\u00e8re.<\/p>\n<p>Ces mesures comprennent une prise en charge m\u00e9dicale et psychologique, sociale, une r\u00e9insertion dans les \u00e9tablissements d\u2019enseignement et de formation, ainsi qu\u2019un suivi et une \u00e9valuation r\u00e9guliers.<\/p>\n<p>The post <a rel=\"nofollow\" href=\"https:\/\/www.mapmarrakech.ma\/fr\/mendicite-presentation-du-bilan-du-plan-daction-pour-la-protection-des-enfants\/\">Mendicit\u00e9: Bilan du Plan d\u2019action pour la protection des enfants<\/a> appeared first on <a rel=\"nofollow\" href=\"https:\/\/www.mapmarrakech.ma\/fr\">MapMarrakech<\/a>.<\/p>\n<\/div>\n<p>Auteur: Meriem IGASS<br \/>\n<a href=\"https:\/\/www.mapmarrakech.ma\/fr\/mendicite-presentation-du-bilan-du-plan-daction-pour-la-protection-des-enfants\/\">Cliquez ici pour lire l&rsquo;article depuis sa source.<\/a><\/p>\n","protected":false},"excerpt":{"rendered":"<p>Initi\u00e9e au si\u00e8ge de la Ligue Marocaine pour la Protection de l\u2019Enfance (LMPE) \u00e0 Marrakech, cette rencontre s\u2019inscrit dans le cadre de la mise en \u0153uvre de ce plan lanc\u00e9 par le Minist\u00e8re de la Solidarit\u00e9, de l\u2019Insertion sociale et de la Famille et la Pr\u00e9sidence du Minist\u00e8re public, en coordination avec un ensemble de [&hellip;]<\/p>\n","protected":false},"author":1788,"featured_media":0,"comment_status":"closed","ping_status":"closed","sticky":false,"template":"","format":"standard","meta":{"fifu_image_url":"https:\/\/www.mapmarrakech.ma\/map\/uploads\/2022\/06\/mendicit\u00e9-copier.jpg","fifu_image_alt":"Mendicit\u00e9: Bilan du Plan d\u2019action pour la protection des enfants","footnotes":""},"categories":[54,76],"tags":[],"class_list":["post-149816","post","type-post","status-publish","format-standard","hentry","category-maroc","category-regions"],"_links":{"self":[{"href":"https:\/\/linitiative.ca\/International\/wp-json\/wp\/v2\/posts\/149816","targetHints":{"allow":["GET"]}}],"collection":[{"href":"https:\/\/linitiative.ca\/International\/wp-json\/wp\/v2\/posts"}],"about":[{"href":"https:\/\/linitiative.ca\/International\/wp-json\/wp\/v2\/types\/post"}],"author":[{"embeddable":true,"href":"https:\/\/linitiative.ca\/International\/wp-json\/wp\/v2\/users\/1788"}],"replies":[{"embeddable":true,"href":"https:\/\/linitiative.ca\/International\/wp-json\/wp\/v2\/comments?post=149816"}],"version-history":[{"count":0,"href":"https:\/\/linitiative.ca\/International\/wp-json\/wp\/v2\/posts\/149816\/revisions"}],"wp:attachment":[{"href":"https:\/\/linitiative.ca\/International\/wp-json\/wp\/v2\/media?parent=149816"}],"wp:term":[{"taxonomy":"category","embeddable":true,"href":"https:\/\/linitiative.ca\/International\/wp-json\/wp\/v2\/categories?post=149816"},{"taxonomy":"post_tag","embeddable":true,"href":"https:\/\/linitiative.ca\/International\/wp-json\/wp\/v2\/tags?post=149816"}],"curies":[{"name":"wp","href":"https:\/\/api.w.org\/{rel}","templated":true}]}}