{"id":149818,"date":"2022-06-10T09:15:41","date_gmt":"2022-06-10T13:15:41","guid":{"rendered":"https:\/\/linitiative.ca\/International\/rencontre-de-concertation-sur-lecole-de-qualite-pour-tous\/"},"modified":"2022-06-10T09:15:41","modified_gmt":"2022-06-10T13:15:41","slug":"rencontre-de-concertation-sur-lecole-de-qualite-pour-tous","status":"publish","type":"post","link":"https:\/\/linitiative.ca\/International\/rencontre-de-concertation-sur-lecole-de-qualite-pour-tous\/","title":{"rendered":"Rencontre de concertation sur l\u2019\u00e9cole de qualit\u00e9 pour tous"},"content":{"rendered":"<div>\n<div style=\"margin-bottom:20px;\"><img loading=\"lazy\" decoding=\"async\" width=\"750\" height=\"430\" src=\"https:\/\/linitiative.ca\/International\/wp-content\/uploads\/sites\/23\/2022\/06\/ecole-copier.jpg\" class=\"attachment-post-thumbnail size-post-thumbnail wp-post-image\" alt=\"\" srcset=\"https:\/\/linitiative.ca\/International\/wp-content\/uploads\/sites\/23\/2022\/06\/ecole-copier.jpg 750w, https:\/\/www.mapmarrakech.ma\/map\/uploads\/2022\/06\/ecole-copier-300x172.jpg 300w\" sizes=\"auto, (max-width: 750px) 100vw, 750px\"><\/div>\n<p>Initi\u00e9e par l\u2019Acad\u00e9mie r\u00e9gionale d\u2019\u00e9ducation et de formation de Marrakech-Safi (AREF-MS), en partenariat avec la pr\u00e9fecture de la province d\u2019Essaouira, cette rencontre a connu la participation de responsables, d\u2019\u00e9lus, d\u2019acteurs de la soci\u00e9t\u00e9 civile et des repr\u00e9sentants des associations des parents et tuteurs des \u00e9l\u00e8ves, avec pour finalit\u00e9 d\u2019enrichir le d\u00e9bat public amorc\u00e9 autour de l\u2019am\u00e9lioration la qualit\u00e9 de l\u2019\u00e9cole marocaine au service du d\u00e9veloppement.<\/p>\n<p>Cette rencontre, qui intervient dans le droit fil des concertations nationales pour \u00ab\u00a0une \u00e9cole de qualit\u00e9 pour tous\u00a0\u00bb, lanc\u00e9es par le minist\u00e8re de l\u2019\u00c9ducation nationale, du pr\u00e9scolaire et des sports, dans une d\u00e9marche innovante de co-construction d\u2019une \u00e9cole de qualit\u00e9 \u00e0 fort ancrage territorial, ambitionne de susciter l\u2019interaction des acteurs locaux de mani\u00e8re coordonn\u00e9e avec les diff\u00e9rentes mesures de la feuille de route de ce chantier, de recueillir des id\u00e9es pour am\u00e9liorer la qualit\u00e9 de l\u2019\u00e9cole et de parvenir \u00e0 un consensus local \u00e0 ce sujet.<\/p>\n<p>S\u2019exprimant \u00e0 cette occasion, le gouverneur de la province, Adil El Maliki, s\u2019est f\u00e9licit\u00e9 de cette initiative du minist\u00e8re de tutelle et de la d\u00e9marche participative pr\u00f4n\u00e9e, soulignant que ces rencontres offrent un espace idoine pour engager la r\u00e9flexion collective et prospecter l\u2019avenir dans le but d\u2019am\u00e9liorer la performance de l\u2019\u00e9cole marocaine.<\/p>\n<p>Il a ainsi mis l\u2019accent sur l\u2019importance d\u2019un dialogue et d\u2019un d\u00e9bat constructifs pour un meilleur avenir du syst\u00e8me \u00e9ducatif national, d\u2019o\u00f9 la n\u00e9cessit\u00e9 de l\u2019engagement et de la contribution effective et qualitative de l\u2019ensemble des intervenants pour atteindre les objectifs escompt\u00e9s.<\/p>\n<p>Il a \u00e9galement expliqu\u00e9 que les d\u00e9fis demeurent grands non seulement \u00e0 l\u2019\u00e9chelle provinciale mais aussi au niveau national, ajoutant que ces enjeux sont li\u00e9s d\u2019une part au syst\u00e8me p\u00e9dagogique en g\u00e9n\u00e9ral et aux disparit\u00e9s territoriales en la mati\u00e8re, d\u2019autre part.<\/p>\n<p>\u00ab\u00a0Pas de compromis pour atteindre la qualit\u00e9\u00a0\u00bb, a encha\u00een\u00e9 M. Maliki, tout en mettant en avant, chiffres \u00e0 l\u2019appui, les r\u00e9alisations accumul\u00e9es et les efforts consentis ces derni\u00e8res ann\u00e9es dans le domaine de l\u2019enseignement au niveau de la province, notamment en ce qui concerne le pr\u00e9scolaire et le transport scolaire.<\/p>\n<p>De son c\u00f4t\u00e9, le directeur provincial de l\u2019Education nationale, du pr\u00e9scolaire et des Sports, Noureddine El Aoufi Laghzaoui, a pr\u00e9sent\u00e9 un expos\u00e9 exhaustif sur la feuille de route 2022-2026, en s\u2019attardant sur le cadre r\u00e9f\u00e9rentiel de ces concertations, notamment la loi-cadre n\u00b017-51 relative au syst\u00e8me d\u2019\u00e9ducation, de formation et de recherche scientifique, les conclusions du Nouveau Mod\u00e8le de D\u00e9veloppement et le programme gouvernemental.<\/p>\n<p>Rappelant que la province d\u2019Essaouira a \u00e9t\u00e9 choisie comme r\u00e9gion pilote pour le lancement de ces concertations nationales, M. Laghzaoui n\u2019a pas manqu\u00e9 de mettre en relief l\u2019am\u00e9lioration tangible qu\u2019ont connue les indicateurs de l\u2019enseignement au niveau de la province au cours des derni\u00e8res ann\u00e9es.<\/p>\n<p>Il a, dans ce sillage, pr\u00e9cis\u00e9 que le taux de d\u00e9perdition scolaire s\u2019\u00e9l\u00e8ve \u00e0 12% actuellement dans cette partie du territoire national, \u00e0 dominante rurale, alors que le taux d\u2019acc\u00e8s des enfants au pr\u00e9scolaire a atteint plus de 80% \u00e0 la faveur des efforts consentis dans ce sens.<\/p>\n<p>Pour sa part, Mme Ghita Azoulay, membre du comit\u00e9 r\u00e9gional des concertations nationales pour l\u2019am\u00e9lioration de l\u2019\u00e9cole publique \u00e0 l\u2019AREF-MS, a pr\u00e9sent\u00e9 un expos\u00e9 d\u00e9taill\u00e9 dans lequel elle a abord\u00e9 les fondements de ces concertations, leurs objectifs, l\u2019approche adopt\u00e9e pour leur mise en \u0153uvre et les m\u00e9canismes d\u2019implication des diff\u00e9rentes parties et acteurs concern\u00e9s.<\/p>\n<p>Dans une d\u00e9claration \u00e0 M24, la cha\u00eene t\u00e9l\u00e9vis\u00e9e de l\u2019information en continu de la MAP, la responsable, qui repr\u00e9sentait l\u2019AREF-MS lors de cette rencontre, a \u00e9galement indiqu\u00e9 que ces concertations visent essentiellement \u00e0 enrichir la feuille de route de la r\u00e9forme du syst\u00e8me de l\u2019\u00e9ducation nationale pour la p\u00e9riode 2022-2026.<\/p>\n<p>Elle a relev\u00e9 que les travaux des ateliers organis\u00e9s dans le cadre de cette rencontre seront sanctionn\u00e9s par des recommandations qui seront soumises au minist\u00e8re pour restitution.<\/p>\n<p>En effet, les travaux de cette rencontre territoriale ont \u00e9t\u00e9 scind\u00e9s des ateliers autour de plusieurs th\u00e9matiques se rapportant, entre autres, au \u00ab\u00a0r\u00f4le de l\u2019\u00e9cole de qualit\u00e9 dans le d\u00e9veloppement de la collectivit\u00e9 territoriale\u00a0\u00bb et au \u00ab\u00a0soutien de la collectivit\u00e9 territoriale \u00e0 l\u2019\u00e9cole\u00a0\u00bb.<\/p>\n<p>Le minist\u00e8re de l\u2019\u00c9ducation nationale, du Pr\u00e9scolaire et des Sports a lanc\u00e9 une concertation nationale pour une \u00e9ducation de qualit\u00e9 pour tous, qui s\u2019ach\u00e8ve fin juin avec une restitution nationale pr\u00e9vue pour mi-juillet.<\/p>\n<p>La concertation comprend la tenue de pr\u00e8s de 6.200 focus groupes \u00e0 l\u2019\u00e9chelle nationale, de 82 \u00e9v\u00e9nements \u00e0 l\u2019\u00e9chelle des provinces et plus de 150.000 personnes concern\u00e9es par les diff\u00e9rents ateliers organis\u00e9s, en plus d\u2019une plateforme ouverte \u00e0 tous les citoyens et les Marocains du monde \u00ab\u00a0www.madrastna.ma\u00a0\u00bb.<\/p>\n<p>Ce dispositif vise \u00e0 assurer la qualit\u00e9 concert\u00e9e des d\u00e9cisions et \u00e0 identifier des pratiques innovantes ainsi que des acteurs f\u00e9d\u00e9r\u00e9s autour de la n\u00e9cessit\u00e9 et de la faisabilit\u00e9 des changements \u00e0 venir, l\u2019objectif \u00e9tant de tracer ensemble le chemin de la mise en \u0153uvre d\u2019une r\u00e9forme novatrice pour une \u00e9cole de qualit\u00e9.<\/p>\n<p>The post <a rel=\"nofollow\" href=\"https:\/\/www.mapmarrakech.ma\/fr\/rencontre-de-concertation-territoriale-sur-lecole-de-qualite-pour-tous\/\">Rencontre de concertation sur l\u2019\u00e9cole de qualit\u00e9 pour tous<\/a> appeared first on <a rel=\"nofollow\" href=\"https:\/\/www.mapmarrakech.ma\/fr\">MapMarrakech<\/a>.<\/p>\n<\/div>\n<p>Auteur: Meriem IGASS<br \/>\n<a href=\"https:\/\/www.mapmarrakech.ma\/fr\/rencontre-de-concertation-territoriale-sur-lecole-de-qualite-pour-tous\/\">Cliquez ici pour lire l&rsquo;article depuis sa source.<\/a><\/p>\n","protected":false},"excerpt":{"rendered":"<p>Initi\u00e9e par l\u2019Acad\u00e9mie r\u00e9gionale d\u2019\u00e9ducation et de formation de Marrakech-Safi (AREF-MS), en partenariat avec la pr\u00e9fecture de la province d\u2019Essaouira, cette rencontre a connu la participation de responsables, d\u2019\u00e9lus, d\u2019acteurs de la soci\u00e9t\u00e9 civile et des repr\u00e9sentants des associations des parents et tuteurs des \u00e9l\u00e8ves, avec pour finalit\u00e9 d\u2019enrichir le d\u00e9bat public amorc\u00e9 autour de [&hellip;]<\/p>\n","protected":false},"author":1788,"featured_media":0,"comment_status":"closed","ping_status":"closed","sticky":false,"template":"","format":"standard","meta":{"fifu_image_url":"https:\/\/www.mapmarrakech.ma\/map\/uploads\/2022\/06\/ecole-copier.jpg","fifu_image_alt":"Rencontre de concertation sur l\u2019\u00e9cole de qualit\u00e9 pour tous","footnotes":""},"categories":[54,76],"tags":[],"class_list":["post-149818","post","type-post","status-publish","format-standard","hentry","category-maroc","category-regions"],"_links":{"self":[{"href":"https:\/\/linitiative.ca\/International\/wp-json\/wp\/v2\/posts\/149818","targetHints":{"allow":["GET"]}}],"collection":[{"href":"https:\/\/linitiative.ca\/International\/wp-json\/wp\/v2\/posts"}],"about":[{"href":"https:\/\/linitiative.ca\/International\/wp-json\/wp\/v2\/types\/post"}],"author":[{"embeddable":true,"href":"https:\/\/linitiative.ca\/International\/wp-json\/wp\/v2\/users\/1788"}],"replies":[{"embeddable":true,"href":"https:\/\/linitiative.ca\/International\/wp-json\/wp\/v2\/comments?post=149818"}],"version-history":[{"count":0,"href":"https:\/\/linitiative.ca\/International\/wp-json\/wp\/v2\/posts\/149818\/revisions"}],"wp:attachment":[{"href":"https:\/\/linitiative.ca\/International\/wp-json\/wp\/v2\/media?parent=149818"}],"wp:term":[{"taxonomy":"category","embeddable":true,"href":"https:\/\/linitiative.ca\/International\/wp-json\/wp\/v2\/categories?post=149818"},{"taxonomy":"post_tag","embeddable":true,"href":"https:\/\/linitiative.ca\/International\/wp-json\/wp\/v2\/tags?post=149818"}],"curies":[{"name":"wp","href":"https:\/\/api.w.org\/{rel}","templated":true}]}}