{"id":149827,"date":"2022-06-10T14:59:00","date_gmt":"2022-06-10T18:59:00","guid":{"rendered":"https:\/\/linitiative.ca\/International\/rayan-ait-nouri-dans-le-viseur-dun-grand-club-anglais\/"},"modified":"2022-06-10T14:59:00","modified_gmt":"2022-06-10T18:59:00","slug":"rayan-ait-nouri-dans-le-viseur-dun-grand-club-anglais","status":"publish","type":"post","link":"https:\/\/linitiative.ca\/International\/rayan-ait-nouri-dans-le-viseur-dun-grand-club-anglais\/","title":{"rendered":"Rayan A\u00eft-Nouri dans le viseur d&rsquo;un grand club anglais"},"content":{"rendered":"<div>Achet\u00e9 en 2020 mais d\u00e9barqu\u00e9 en 2021 \u00e0 Wolverhampton, le jeune lat\u00e9ral gauche franco-alg\u00e9rien, Rayan A\u00eft-Nouri a r\u00e9alis\u00e9 une premi\u00e8re saison convaincante en Angleterre<\/div>\n<p>Auteur:<br \/>\n<a href=\"https:\/\/www.lebuteur.com\/article\/detail?titre=rayan-ait-nouri-dans-le-viseur-dun-grand-club-anglais&#038;id=102994\">Cliquez ici pour lire l&rsquo;article depuis sa source.<\/a><\/p>\n","protected":false},"excerpt":{"rendered":"<p>Achet\u00e9 en 2020 mais d\u00e9barqu\u00e9 en 2021 \u00e0 Wolverhampton, le jeune lat\u00e9ral gauche franco-alg\u00e9rien, Rayan A\u00eft-Nouri a r\u00e9alis\u00e9 une premi\u00e8re saison convaincante en Angleterre Auteur: Cliquez ici pour lire l&rsquo;article depuis sa source.<\/p>\n","protected":false},"author":1738,"featured_media":0,"comment_status":"closed","ping_status":"closed","sticky":false,"template":"","format":"standard","meta":{"fifu_image_url":"","fifu_image_alt":"","footnotes":""},"categories":[53,75],"tags":[],"class_list":["post-149827","post","type-post","status-publish","format-standard","hentry","category-algerie","category-sport"],"_links":{"self":[{"href":"https:\/\/linitiative.ca\/International\/wp-json\/wp\/v2\/posts\/149827","targetHints":{"allow":["GET"]}}],"collection":[{"href":"https:\/\/linitiative.ca\/International\/wp-json\/wp\/v2\/posts"}],"about":[{"href":"https:\/\/linitiative.ca\/International\/wp-json\/wp\/v2\/types\/post"}],"author":[{"embeddable":true,"href":"https:\/\/linitiative.ca\/International\/wp-json\/wp\/v2\/users\/1738"}],"replies":[{"embeddable":true,"href":"https:\/\/linitiative.ca\/International\/wp-json\/wp\/v2\/comments?post=149827"}],"version-history":[{"count":0,"href":"https:\/\/linitiative.ca\/International\/wp-json\/wp\/v2\/posts\/149827\/revisions"}],"wp:attachment":[{"href":"https:\/\/linitiative.ca\/International\/wp-json\/wp\/v2\/media?parent=149827"}],"wp:term":[{"taxonomy":"category","embeddable":true,"href":"https:\/\/linitiative.ca\/International\/wp-json\/wp\/v2\/categories?post=149827"},{"taxonomy":"post_tag","embeddable":true,"href":"https:\/\/linitiative.ca\/International\/wp-json\/wp\/v2\/tags?post=149827"}],"curies":[{"name":"wp","href":"https:\/\/api.w.org\/{rel}","templated":true}]}}