{"id":149830,"date":"2022-06-10T04:43:00","date_gmt":"2022-06-10T08:43:00","guid":{"rendered":"https:\/\/linitiative.ca\/International\/hatem-mrad-de-la-sous-autorite-de-la-transition-a-la-sur-autorite-de-letat-dexception\/"},"modified":"2022-06-10T04:43:00","modified_gmt":"2022-06-10T08:43:00","slug":"hatem-mrad-de-la-sous-autorite-de-la-transition-a-la-sur-autorite-de-letat-dexception","status":"publish","type":"post","link":"https:\/\/linitiative.ca\/International\/hatem-mrad-de-la-sous-autorite-de-la-transition-a-la-sur-autorite-de-letat-dexception\/","title":{"rendered":"Hatem M\u2019rad: De la sous-autorit\u00e9 de la transition \u00e0 la sur-autorit\u00e9 de l\u2019\u00e9tat d\u2019exception"},"content":{"rendered":"<div><img decoding=\"async\" src=\"https:\/\/linitiative.ca\/International\/wp-content\/uploads\/sites\/23\/2022\/06\/1654847515_article.jpg\" alt=\"Hatem M\u2019rad: De la sous-autorit\u00e9 de la transition \u00e0 la sur-autorit\u00e9 de l\u2019\u00e9tat d\u2019exception\" align=\"left\">Entre deux d\u00e9rives contraires, la Tunisie cherche son salut. De l\u2019ind\u00e9cision \u00e0 la sur-d\u00e9cision autoritaire et un \u00e9tat d\u2019exception ?\u00a0 Le syst\u00e8me politique tunisien a sans doute bascul\u00e9, depuis le 25 juillet 2021, vers une concentration totale des pouvoirs entre les mains du pr\u00e9sident de la R\u00e9publique. Ka\u00efs Sa\u00efed a-t-il ainsi fait entrer la Tunisie dans \u00abun instant schmittien\u00bb, en r\u00e9f\u00e9rence \u00e0 la philosophie politique de Carl Schmitt (1888-1985) et sa th\u00e9orie de la d\u00e9cision. Exceptionnalit\u00e9 des mesures suspensives de la norme et d\u00e9clenchement d\u2019un processus d\u2019autorit\u00e9 dans le cas d\u2019une \u00abdictature souveraine\u00bb : le caract\u00e8re annonc\u00e9 provisoire peut durer et &#8230;<\/p>\n<\/div>\n<p>Auteur:<br \/>\n<a href=\"https:\/\/www.leaders.com.tn\/article\/33465-hatem-m-rad-de-la-sous-autorite-de-la-transition-a-la-sur-autorite-de-l-etat-d-exception\">Cliquez ici pour lire l&rsquo;article depuis sa source.<\/a><\/p>\n","protected":false},"excerpt":{"rendered":"<p>Entre deux d\u00e9rives contraires, la Tunisie cherche son salut. De l\u2019ind\u00e9cision \u00e0 la sur-d\u00e9cision autoritaire et un \u00e9tat d\u2019exception ?\u00a0 Le syst\u00e8me politique tunisien a sans doute bascul\u00e9, depuis le 25 juillet 2021, vers une concentration totale des pouvoirs entre les mains du pr\u00e9sident de la R\u00e9publique. Ka\u00efs Sa\u00efed a-t-il ainsi fait entrer la Tunisie [&hellip;]<\/p>\n","protected":false},"author":1772,"featured_media":0,"comment_status":"closed","ping_status":"closed","sticky":false,"template":"","format":"standard","meta":{"fifu_image_url":"http:\/\/www.leaders.com.tn\/uploads\/content\/thumbnails_small\/1654847515_article.jpg","fifu_image_alt":"Hatem M\u2019rad: De la sous-autorit\u00e9 de la transition \u00e0 la sur-autorit\u00e9 de l\u2019\u00e9tat d\u2019exception","footnotes":""},"categories":[73,55],"tags":[],"class_list":["post-149830","post","type-post","status-publish","format-standard","hentry","category-actualite","category-tunisie"],"_links":{"self":[{"href":"https:\/\/linitiative.ca\/International\/wp-json\/wp\/v2\/posts\/149830","targetHints":{"allow":["GET"]}}],"collection":[{"href":"https:\/\/linitiative.ca\/International\/wp-json\/wp\/v2\/posts"}],"about":[{"href":"https:\/\/linitiative.ca\/International\/wp-json\/wp\/v2\/types\/post"}],"author":[{"embeddable":true,"href":"https:\/\/linitiative.ca\/International\/wp-json\/wp\/v2\/users\/1772"}],"replies":[{"embeddable":true,"href":"https:\/\/linitiative.ca\/International\/wp-json\/wp\/v2\/comments?post=149830"}],"version-history":[{"count":0,"href":"https:\/\/linitiative.ca\/International\/wp-json\/wp\/v2\/posts\/149830\/revisions"}],"wp:attachment":[{"href":"https:\/\/linitiative.ca\/International\/wp-json\/wp\/v2\/media?parent=149830"}],"wp:term":[{"taxonomy":"category","embeddable":true,"href":"https:\/\/linitiative.ca\/International\/wp-json\/wp\/v2\/categories?post=149830"},{"taxonomy":"post_tag","embeddable":true,"href":"https:\/\/linitiative.ca\/International\/wp-json\/wp\/v2\/tags?post=149830"}],"curies":[{"name":"wp","href":"https:\/\/api.w.org\/{rel}","templated":true}]}}