{"id":149832,"date":"2022-06-10T06:39:00","date_gmt":"2022-06-10T10:39:00","guid":{"rendered":"https:\/\/linitiative.ca\/International\/quand-la-chorale-du-centre-des-jeunes-al-walid-chante-la-vie-est-belle\/"},"modified":"2022-06-10T06:39:00","modified_gmt":"2022-06-10T10:39:00","slug":"quand-la-chorale-du-centre-des-jeunes-al-walid-chante-la-vie-est-belle","status":"publish","type":"post","link":"https:\/\/linitiative.ca\/International\/quand-la-chorale-du-centre-des-jeunes-al-walid-chante-la-vie-est-belle\/","title":{"rendered":"Quand la Chorale du Centre des jeunes Al Walid chante \u2018\u2019La vie est belle !\u2019\u2019"},"content":{"rendered":"<div><img decoding=\"async\" src=\"https:\/\/linitiative.ca\/International\/wp-content\/uploads\/sites\/23\/2022\/06\/1654855466_article.jpg\" alt=\"Quand la Chorale du Centre des jeunes Al Walid chante \u2018\u2019La vie est belle !\u2019\u2019\" align=\"left\">Leur joie \u00e9tait immense et celle des parents, doublement ! Avec d\u00e9termination et talent, enfants et jeunes du Centre Al Walid ont chant\u00e9 toute leur volont\u00e9 de vaincre leur handicap et exprim\u00e9 leur joie de vivre. Formant une chorale harmonieuse, ils \u00e9taient ravis d\u2019offrir r\u00e9cemment au Th\u00e9\u00e2tre municipal de Tunis un spectacle merveilleux. <\/p>\n<p>La pand\u00e9mie du Covid les avait particuli\u00e8rement p\u00e9nalis\u00e9s, avec les confinements successifs, la suspension des ateliers artistiques et des activit\u00e9s culturelles en art-th\u00e9rapie. Elle les a \u00e9galement priv\u00e9s de donner leur spectacle annuel, un moment fort pour tous. En remontant sur la sc\u00e8ne, les membres de la Chorale Al Walid, ils ont &#8230;<\/p>\n<\/div>\n<p>Auteur:<br \/>\n<a href=\"https:\/\/www.leaders.com.tn\/article\/33467-quand-la-chorale-du-centre-des-jeunes-al-walid-chante-la-vie-est-belle\">Cliquez ici pour lire l&rsquo;article depuis sa source.<\/a><\/p>\n","protected":false},"excerpt":{"rendered":"<p>Leur joie \u00e9tait immense et celle des parents, doublement ! Avec d\u00e9termination et talent, enfants et jeunes du Centre Al Walid ont chant\u00e9 toute leur volont\u00e9 de vaincre leur handicap et exprim\u00e9 leur joie de vivre. Formant une chorale harmonieuse, ils \u00e9taient ravis d\u2019offrir r\u00e9cemment au Th\u00e9\u00e2tre municipal de Tunis un spectacle merveilleux. La pand\u00e9mie [&hellip;]<\/p>\n","protected":false},"author":1772,"featured_media":0,"comment_status":"closed","ping_status":"closed","sticky":false,"template":"","format":"standard","meta":{"fifu_image_url":"http:\/\/www.leaders.com.tn\/uploads\/content\/thumbnails_small\/1654855466_article.jpg","fifu_image_alt":"Quand la Chorale du Centre des jeunes Al Walid chante \u2018\u2019La vie est belle !\u2019\u2019","footnotes":""},"categories":[73,55],"tags":[],"class_list":["post-149832","post","type-post","status-publish","format-standard","hentry","category-actualite","category-tunisie"],"_links":{"self":[{"href":"https:\/\/linitiative.ca\/International\/wp-json\/wp\/v2\/posts\/149832","targetHints":{"allow":["GET"]}}],"collection":[{"href":"https:\/\/linitiative.ca\/International\/wp-json\/wp\/v2\/posts"}],"about":[{"href":"https:\/\/linitiative.ca\/International\/wp-json\/wp\/v2\/types\/post"}],"author":[{"embeddable":true,"href":"https:\/\/linitiative.ca\/International\/wp-json\/wp\/v2\/users\/1772"}],"replies":[{"embeddable":true,"href":"https:\/\/linitiative.ca\/International\/wp-json\/wp\/v2\/comments?post=149832"}],"version-history":[{"count":0,"href":"https:\/\/linitiative.ca\/International\/wp-json\/wp\/v2\/posts\/149832\/revisions"}],"wp:attachment":[{"href":"https:\/\/linitiative.ca\/International\/wp-json\/wp\/v2\/media?parent=149832"}],"wp:term":[{"taxonomy":"category","embeddable":true,"href":"https:\/\/linitiative.ca\/International\/wp-json\/wp\/v2\/categories?post=149832"},{"taxonomy":"post_tag","embeddable":true,"href":"https:\/\/linitiative.ca\/International\/wp-json\/wp\/v2\/tags?post=149832"}],"curies":[{"name":"wp","href":"https:\/\/api.w.org\/{rel}","templated":true}]}}