{"id":149836,"date":"2022-06-10T09:04:20","date_gmt":"2022-06-10T13:04:20","guid":{"rendered":"https:\/\/linitiative.ca\/International\/vehicules-doccasion-autocaz-sagrandit-et-simplante-a-fes\/"},"modified":"2022-06-10T09:04:20","modified_gmt":"2022-06-10T13:04:20","slug":"vehicules-doccasion-autocaz-sagrandit-et-simplante-a-fes","status":"publish","type":"post","link":"https:\/\/linitiative.ca\/International\/vehicules-doccasion-autocaz-sagrandit-et-simplante-a-fes\/","title":{"rendered":"V\u00e9hicules d\u2019occasion. Autocaz s\u2019agrandit et s\u2019implante \u00e0 F\u00e8s"},"content":{"rendered":"<div><img decoding=\"async\" width=\"600\" height=\"359\" src=\"https:\/\/linitiative.ca\/International\/wp-content\/uploads\/sites\/23\/2022\/06\/Autocaz-Fes-600-x-359.jpg\" class=\"attachment-post-thumbnail size-post-thumbnail wp-post-image\" alt=\"\" loading=\"lazy\" srcset=\"https:\/\/linitiative.ca\/International\/wp-content\/uploads\/sites\/23\/2022\/06\/Autocaz-Fes-600-x-359.jpg 600w, https:\/\/www.challenge.ma\/wp-content\/uploads\/2022\/06\/Autocaz-Fes-600-x-359-300x180.jpg 300w, https:\/\/www.challenge.ma\/wp-content\/uploads\/2022\/06\/Autocaz-Fes-600-x-359-360x215.jpg 360w\" sizes=\"auto, (max-width: 600px) 100vw, 600px\" itemprop=\"image\">Autocaz, filiale du Groupe Auto Hall d\u00e9di\u00e9e \u00e0 l\u2019achat, la reprise et la vente des v\u00e9hicules d\u2019occasion inaugure son troisi\u00e8me m\u00e9gastore \u00e0 F\u00e8s. En rejoignant l\u2019ensemble des filiales du Groupe situ\u00e9es \u00e0 Auto Hall F\u00e8s II, la marque souhaite ainsi d\u00e9velopper son ancrage au nord et offrir plus de proximit\u00e9<\/div>\n<p>Auteur: David J\u00e9r\u00e9mie<br \/>\n<a href=\"https:\/\/www.challenge.ma\/vehicules-doccasion-autocaz-sagrandit-et-simplante-a-fes-240356\/\">Cliquez ici pour lire l&rsquo;article depuis sa source.<\/a><\/p>\n","protected":false},"excerpt":{"rendered":"<p>Autocaz, filiale du Groupe Auto Hall d\u00e9di\u00e9e \u00e0 l\u2019achat, la reprise et la vente des v\u00e9hicules d\u2019occasion inaugure son troisi\u00e8me m\u00e9gastore \u00e0 F\u00e8s. En rejoignant l\u2019ensemble des filiales du Groupe situ\u00e9es \u00e0 Auto Hall F\u00e8s II, la marque souhaite ainsi d\u00e9velopper son ancrage au nord et offrir plus de proximit\u00e9 Auteur: David J\u00e9r\u00e9mie Cliquez ici [&hellip;]<\/p>\n","protected":false},"author":1787,"featured_media":0,"comment_status":"closed","ping_status":"closed","sticky":false,"template":"","format":"standard","meta":{"fifu_image_url":"https:\/\/www.challenge.ma\/wp-content\/uploads\/2022\/06\/Autocaz-Fes-600-x-359.jpg","fifu_image_alt":"V\u00e9hicules d\u2019occasion. Autocaz s\u2019agrandit et s\u2019implante \u00e0 F\u00e8s","footnotes":""},"categories":[78,54],"tags":[],"class_list":["post-149836","post","type-post","status-publish","format-standard","hentry","category-economie","category-maroc"],"_links":{"self":[{"href":"https:\/\/linitiative.ca\/International\/wp-json\/wp\/v2\/posts\/149836","targetHints":{"allow":["GET"]}}],"collection":[{"href":"https:\/\/linitiative.ca\/International\/wp-json\/wp\/v2\/posts"}],"about":[{"href":"https:\/\/linitiative.ca\/International\/wp-json\/wp\/v2\/types\/post"}],"author":[{"embeddable":true,"href":"https:\/\/linitiative.ca\/International\/wp-json\/wp\/v2\/users\/1787"}],"replies":[{"embeddable":true,"href":"https:\/\/linitiative.ca\/International\/wp-json\/wp\/v2\/comments?post=149836"}],"version-history":[{"count":0,"href":"https:\/\/linitiative.ca\/International\/wp-json\/wp\/v2\/posts\/149836\/revisions"}],"wp:attachment":[{"href":"https:\/\/linitiative.ca\/International\/wp-json\/wp\/v2\/media?parent=149836"}],"wp:term":[{"taxonomy":"category","embeddable":true,"href":"https:\/\/linitiative.ca\/International\/wp-json\/wp\/v2\/categories?post=149836"},{"taxonomy":"post_tag","embeddable":true,"href":"https:\/\/linitiative.ca\/International\/wp-json\/wp\/v2\/tags?post=149836"}],"curies":[{"name":"wp","href":"https:\/\/api.w.org\/{rel}","templated":true}]}}