{"id":149838,"date":"2022-06-10T09:20:43","date_gmt":"2022-06-10T13:20:43","guid":{"rendered":"https:\/\/linitiative.ca\/International\/covid-19-confinement-en-vue-au-vu-de-laugmentation-des-cas-de-contamination\/"},"modified":"2022-06-10T09:20:43","modified_gmt":"2022-06-10T13:20:43","slug":"covid-19-confinement-en-vue-au-vu-de-laugmentation-des-cas-de-contamination","status":"publish","type":"post","link":"https:\/\/linitiative.ca\/International\/covid-19-confinement-en-vue-au-vu-de-laugmentation-des-cas-de-contamination\/","title":{"rendered":"Covid-19. Confinement en vue au vu de l\u2019augmentation des cas de contamination ?"},"content":{"rendered":"<div><img decoding=\"async\" width=\"850\" height=\"478\" src=\"https:\/\/linitiative.ca\/International\/wp-content\/uploads\/sites\/23\/2022\/06\/l-epidemie-de-coronavirus-covid-19-requalifiee-en-pandemie-par-l-oms-qu-est-ce-que-ca-change.jpeg\" class=\"attachment-post-thumbnail size-post-thumbnail wp-post-image\" alt=\"\" loading=\"lazy\" srcset=\"https:\/\/linitiative.ca\/International\/wp-content\/uploads\/sites\/23\/2022\/06\/l-epidemie-de-coronavirus-covid-19-requalifiee-en-pandemie-par-l-oms-qu-est-ce-que-ca-change.jpeg 850w, https:\/\/www.challenge.ma\/wp-content\/uploads\/2021\/08\/l-epidemie-de-coronavirus-covid-19-requalifiee-en-pandemie-par-l-oms-qu-est-ce-que-ca-change-300x169.jpeg 300w, https:\/\/www.challenge.ma\/wp-content\/uploads\/2021\/08\/l-epidemie-de-coronavirus-covid-19-requalifiee-en-pandemie-par-l-oms-qu-est-ce-que-ca-change-768x432.jpeg 768w, https:\/\/www.challenge.ma\/wp-content\/uploads\/2021\/08\/l-epidemie-de-coronavirus-covid-19-requalifiee-en-pandemie-par-l-oms-qu-est-ce-que-ca-change-360x202.jpeg 360w, https:\/\/www.challenge.ma\/wp-content\/uploads\/2021\/08\/l-epidemie-de-coronavirus-covid-19-requalifiee-en-pandemie-par-l-oms-qu-est-ce-que-ca-change-750x422.jpeg 750w\" sizes=\"auto, (max-width: 850px) 100vw, 850px\" itemprop=\"image\">Face \u00e0 la hausse des cas de contamination, l\u2019Ex\u00e9cutif exhorte les citoyens \u00e0 respecter les dispositions pr\u00e9ventives en vigueur, afin d\u2019\u00e9viter la mise en place de nouvelles \u00ab\u00a0mesures non souhaitables\u00a0\u00bb. Va-t-on vers de nouvelles de mesures de restriction pour contrer l\u2019augmentation progressive des cas de contaminations constat\u00e9e depuis plusieurs jours\u00a0?<\/div>\n<p>Auteur: Roland Amoussou<br \/>\n<a href=\"https:\/\/www.challenge.ma\/covid-19-le-gouvernement-appelle-a-respecter-les-regles-preventives-pour-eviter-des-mesures-non-souhaitables-240361\/\">Cliquez ici pour lire l&rsquo;article depuis sa source.<\/a><\/p>\n","protected":false},"excerpt":{"rendered":"<p>Face \u00e0 la hausse des cas de contamination, l\u2019Ex\u00e9cutif exhorte les citoyens \u00e0 respecter les dispositions pr\u00e9ventives en vigueur, afin d\u2019\u00e9viter la mise en place de nouvelles \u00ab\u00a0mesures non souhaitables\u00a0\u00bb. Va-t-on vers de nouvelles de mesures de restriction pour contrer l\u2019augmentation progressive des cas de contaminations constat\u00e9e depuis plusieurs jours\u00a0? Auteur: Roland Amoussou Cliquez ici [&hellip;]<\/p>\n","protected":false},"author":1787,"featured_media":0,"comment_status":"closed","ping_status":"closed","sticky":false,"template":"","format":"standard","meta":{"fifu_image_url":"https:\/\/www.challenge.ma\/wp-content\/uploads\/2021\/08\/l-epidemie-de-coronavirus-covid-19-requalifiee-en-pandemie-par-l-oms-qu-est-ce-que-ca-change.jpeg","fifu_image_alt":"Covid-19. Confinement en vue au vu de l\u2019augmentation des cas de contamination ?","footnotes":""},"categories":[78,54],"tags":[],"class_list":["post-149838","post","type-post","status-publish","format-standard","hentry","category-economie","category-maroc"],"_links":{"self":[{"href":"https:\/\/linitiative.ca\/International\/wp-json\/wp\/v2\/posts\/149838","targetHints":{"allow":["GET"]}}],"collection":[{"href":"https:\/\/linitiative.ca\/International\/wp-json\/wp\/v2\/posts"}],"about":[{"href":"https:\/\/linitiative.ca\/International\/wp-json\/wp\/v2\/types\/post"}],"author":[{"embeddable":true,"href":"https:\/\/linitiative.ca\/International\/wp-json\/wp\/v2\/users\/1787"}],"replies":[{"embeddable":true,"href":"https:\/\/linitiative.ca\/International\/wp-json\/wp\/v2\/comments?post=149838"}],"version-history":[{"count":0,"href":"https:\/\/linitiative.ca\/International\/wp-json\/wp\/v2\/posts\/149838\/revisions"}],"wp:attachment":[{"href":"https:\/\/linitiative.ca\/International\/wp-json\/wp\/v2\/media?parent=149838"}],"wp:term":[{"taxonomy":"category","embeddable":true,"href":"https:\/\/linitiative.ca\/International\/wp-json\/wp\/v2\/categories?post=149838"},{"taxonomy":"post_tag","embeddable":true,"href":"https:\/\/linitiative.ca\/International\/wp-json\/wp\/v2\/tags?post=149838"}],"curies":[{"name":"wp","href":"https:\/\/api.w.org\/{rel}","templated":true}]}}