{"id":149848,"date":"2022-06-10T17:14:36","date_gmt":"2022-06-10T21:14:36","guid":{"rendered":"https:\/\/linitiative.ca\/International\/kais-said-recoit-le-ministre-algerien-des-affaires-etrangeres-volonte-des-deux-pays-de-consolider-les-relations-bilaterales\/"},"modified":"2022-06-10T17:14:36","modified_gmt":"2022-06-10T21:14:36","slug":"kais-said-recoit-le-ministre-algerien-des-affaires-etrangeres-volonte-des-deux-pays-de-consolider-les-relations-bilaterales","status":"publish","type":"post","link":"https:\/\/linitiative.ca\/International\/kais-said-recoit-le-ministre-algerien-des-affaires-etrangeres-volonte-des-deux-pays-de-consolider-les-relations-bilaterales\/","title":{"rendered":"Kais Sa\u00efd re\u00e7oit le ministre alg\u00e9rien des affaires \u00e9trang\u00e8res: volont\u00e9 des deux pays de consolider les relations bilat\u00e9rales"},"content":{"rendered":"<div>\n<p>Le pr\u00e9sident de la R\u00e9publique kais Sa\u00efd a re\u00e7u vendredi 10 juin 2022 au palais de Carthage Ramtane Lamamra ministre alg\u00e9rien des affaires \u00e9trang\u00e8res et de la communaut\u00e9 nationale \u00e0 l\u2019\u00e9tranger.L\u2019h\u00f4te alg\u00e9rien a transmis au pr\u00e9sident de la R\u00e9publique un message de son fr\u00e8re Abdelmajid Tebboune pr\u00e9sident de la R\u00e9publique alg\u00e9rienne qui a \u00e9mis ses [\u2026]<\/p>\n<p>L\u2019article <a href=\"https:\/\/www.tunisienumerique.com\/kais-said-recoit-le-ministre-algerien-des-affaires-etrangeres-volonte-des-deux-pays-de-consolider-les-relations-bilaterales\/\">Kais Sa\u00efd re\u00e7oit le ministre alg\u00e9rien des affaires \u00e9trang\u00e8res: volont\u00e9 des deux pays de consolider les relations bilat\u00e9rales<\/a> est apparu en premier sur <a href=\"https:\/\/www.tunisienumerique.com\/\">Tunisie<\/a>.<\/p>\n<\/div>\n<p>Auteur: Hafedh Trabelsi<br \/>\n<a href=\"https:\/\/www.tunisienumerique.com\/kais-said-recoit-le-ministre-algerien-des-affaires-etrangeres-volonte-des-deux-pays-de-consolider-les-relations-bilaterales\/\">Cliquez ici pour lire l&rsquo;article depuis sa source.<\/a><\/p>\n","protected":false},"excerpt":{"rendered":"<p>Le pr\u00e9sident de la R\u00e9publique kais Sa\u00efd a re\u00e7u vendredi 10 juin 2022 au palais de Carthage Ramtane Lamamra ministre alg\u00e9rien des affaires \u00e9trang\u00e8res et de la communaut\u00e9 nationale \u00e0 l\u2019\u00e9tranger.L\u2019h\u00f4te alg\u00e9rien a transmis au pr\u00e9sident de la R\u00e9publique un message de son fr\u00e8re Abdelmajid Tebboune pr\u00e9sident de la R\u00e9publique alg\u00e9rienne qui a \u00e9mis ses [&hellip;]<\/p>\n","protected":false},"author":1789,"featured_media":0,"comment_status":"closed","ping_status":"closed","sticky":false,"template":"","format":"standard","meta":{"fifu_image_url":"","fifu_image_alt":"","footnotes":""},"categories":[73,55],"tags":[],"class_list":["post-149848","post","type-post","status-publish","format-standard","hentry","category-actualite","category-tunisie"],"_links":{"self":[{"href":"https:\/\/linitiative.ca\/International\/wp-json\/wp\/v2\/posts\/149848","targetHints":{"allow":["GET"]}}],"collection":[{"href":"https:\/\/linitiative.ca\/International\/wp-json\/wp\/v2\/posts"}],"about":[{"href":"https:\/\/linitiative.ca\/International\/wp-json\/wp\/v2\/types\/post"}],"author":[{"embeddable":true,"href":"https:\/\/linitiative.ca\/International\/wp-json\/wp\/v2\/users\/1789"}],"replies":[{"embeddable":true,"href":"https:\/\/linitiative.ca\/International\/wp-json\/wp\/v2\/comments?post=149848"}],"version-history":[{"count":0,"href":"https:\/\/linitiative.ca\/International\/wp-json\/wp\/v2\/posts\/149848\/revisions"}],"wp:attachment":[{"href":"https:\/\/linitiative.ca\/International\/wp-json\/wp\/v2\/media?parent=149848"}],"wp:term":[{"taxonomy":"category","embeddable":true,"href":"https:\/\/linitiative.ca\/International\/wp-json\/wp\/v2\/categories?post=149848"},{"taxonomy":"post_tag","embeddable":true,"href":"https:\/\/linitiative.ca\/International\/wp-json\/wp\/v2\/tags?post=149848"}],"curies":[{"name":"wp","href":"https:\/\/api.w.org\/{rel}","templated":true}]}}