{"id":149850,"date":"2022-06-10T17:23:02","date_gmt":"2022-06-10T21:23:02","guid":{"rendered":"https:\/\/linitiative.ca\/International\/kais-said-est-confiant-quant-a-un-denouement-heureux-du-dossier-libyen\/"},"modified":"2022-06-10T17:23:02","modified_gmt":"2022-06-10T21:23:02","slug":"kais-said-est-confiant-quant-a-un-denouement-heureux-du-dossier-libyen","status":"publish","type":"post","link":"https:\/\/linitiative.ca\/International\/kais-said-est-confiant-quant-a-un-denouement-heureux-du-dossier-libyen\/","title":{"rendered":"Kais said est confiant quant \u00e0 un d\u00e9nouement heureux du dossier libyen"},"content":{"rendered":"<div>\n<p>Le pr\u00e9sident de la R\u00e9publique kais said a re\u00e7u aujourd\u2019hui vendredi 10 juin 2022 au palais de Carthage le ministre alg\u00e9rien des affaires \u00e9trang\u00e8res et de la communaut\u00e9 nationale \u00e0 l\u2019\u00e9tranger Ramtan lamamra, et Najla Mankhouch ministre libyenne des affaires \u00e9trang\u00e8res et de la coop\u00e9ration internationale, en pr\u00e9sence de Othmen Jarandi ministre des affaires \u00e9trang\u00e8res [\u2026]<\/p>\n<p>L\u2019article <a href=\"https:\/\/www.tunisienumerique.com\/kais-said-est-confiant-quant-a-un-denouement-heureux-du-dossier-libyen\/\">Kais said est confiant quant \u00e0 un d\u00e9nouement heureux du dossier libyen<\/a> est apparu en premier sur <a href=\"https:\/\/www.tunisienumerique.com\/\">Tunisie<\/a>.<\/p>\n<\/div>\n<p>Auteur: Takwa Azouzi<br \/>\n<a href=\"https:\/\/www.tunisienumerique.com\/kais-said-est-confiant-quant-a-un-denouement-heureux-du-dossier-libyen\/\">Cliquez ici pour lire l&rsquo;article depuis sa source.<\/a><\/p>\n","protected":false},"excerpt":{"rendered":"<p>Le pr\u00e9sident de la R\u00e9publique kais said a re\u00e7u aujourd\u2019hui vendredi 10 juin 2022 au palais de Carthage le ministre alg\u00e9rien des affaires \u00e9trang\u00e8res et de la communaut\u00e9 nationale \u00e0 l\u2019\u00e9tranger Ramtan lamamra, et Najla Mankhouch ministre libyenne des affaires \u00e9trang\u00e8res et de la coop\u00e9ration internationale, en pr\u00e9sence de Othmen Jarandi ministre des affaires \u00e9trang\u00e8res [&hellip;]<\/p>\n","protected":false},"author":1789,"featured_media":0,"comment_status":"closed","ping_status":"closed","sticky":false,"template":"","format":"standard","meta":{"fifu_image_url":"","fifu_image_alt":"","footnotes":""},"categories":[73,55],"tags":[],"class_list":["post-149850","post","type-post","status-publish","format-standard","hentry","category-actualite","category-tunisie"],"_links":{"self":[{"href":"https:\/\/linitiative.ca\/International\/wp-json\/wp\/v2\/posts\/149850","targetHints":{"allow":["GET"]}}],"collection":[{"href":"https:\/\/linitiative.ca\/International\/wp-json\/wp\/v2\/posts"}],"about":[{"href":"https:\/\/linitiative.ca\/International\/wp-json\/wp\/v2\/types\/post"}],"author":[{"embeddable":true,"href":"https:\/\/linitiative.ca\/International\/wp-json\/wp\/v2\/users\/1789"}],"replies":[{"embeddable":true,"href":"https:\/\/linitiative.ca\/International\/wp-json\/wp\/v2\/comments?post=149850"}],"version-history":[{"count":0,"href":"https:\/\/linitiative.ca\/International\/wp-json\/wp\/v2\/posts\/149850\/revisions"}],"wp:attachment":[{"href":"https:\/\/linitiative.ca\/International\/wp-json\/wp\/v2\/media?parent=149850"}],"wp:term":[{"taxonomy":"category","embeddable":true,"href":"https:\/\/linitiative.ca\/International\/wp-json\/wp\/v2\/categories?post=149850"},{"taxonomy":"post_tag","embeddable":true,"href":"https:\/\/linitiative.ca\/International\/wp-json\/wp\/v2\/tags?post=149850"}],"curies":[{"name":"wp","href":"https:\/\/api.w.org\/{rel}","templated":true}]}}