{"id":149853,"date":"2022-06-10T10:24:37","date_gmt":"2022-06-10T14:24:37","guid":{"rendered":"https:\/\/linitiative.ca\/International\/centrafrique-mobilisation-contre-un-3emandat-du-president-touadera\/"},"modified":"2022-06-10T10:24:37","modified_gmt":"2022-06-10T14:24:37","slug":"centrafrique-mobilisation-contre-un-3emandat-du-president-touadera","status":"publish","type":"post","link":"https:\/\/linitiative.ca\/International\/centrafrique-mobilisation-contre-un-3emandat-du-president-touadera\/","title":{"rendered":"Centrafrique: Mobilisation contre un 3emandat du pr\u00e9sident Touadera"},"content":{"rendered":"<div>\n<p>La maladie du 3<sup>e<\/sup> mandat en Afrique vient de toucher la Centrafrique. Des partisans du pr\u00e9sident Faustin-Archange Touadera ont propos\u00e9 un projet de r\u00e9forme constitutionnelle. Pour contrer le projet jug\u00e9\u00a0<em>\u00ab\u00a0crisog\u00e8ne\u00a0\u00bb,<\/em> est n\u00e9\u00a0 le Groupe d\u2019action des organisations de la soci\u00e9t\u00e9 civile pour la d\u00e9fense de la constitution du 30 mars 2016, ou G-16.Cette nouvelle coalition de la soci\u00e9t\u00e9 civile centrafricaine invite le pr\u00e9sident Faustin-Archange Touadera \u00e0 ne pas briguer un troisi\u00e8me mandat. <em>\u00abCette r\u00e9forme est une inspiration malencontreuse de certains proches du pouvoir, je crois, qui ont certaines choses \u00e0 se reprocher, qui veulent pousser le chef de l\u2019\u00c9tat \u00e0 la faute. Nous appelons \u00e0 ce que le chef de l\u2019\u00c9tat fasse preuve de sagesse, qu\u2019il ne c\u00e8de pas aux chantages de ces aventuriers politiques qui l\u2019entourent \u00bb<\/em>, a affirm\u00e9 \u00e0 RFI\u00a0 le porte-parole, le journaliste de la coalition, Ben Wilson Ngassan.<\/p>\n<p><strong>AK<\/strong><\/p>\n<\/div>\n<p>Auteur: BS. Sidwaya<br \/>\n<a href=\"https:\/\/www.sidwaya.info\/blog\/2022\/06\/10\/centrafrique-mobilisation-contre-un-3emandat-du-president-touadera\/\">Cliquez ici pour lire l&rsquo;article depuis sa source.<\/a><\/p>\n","protected":false},"excerpt":{"rendered":"<p>La maladie du 3e mandat en Afrique vient de toucher la Centrafrique. Des partisans du pr\u00e9sident Faustin-Archange Touadera ont propos\u00e9 un projet de r\u00e9forme constitutionnelle. Pour contrer le projet jug\u00e9\u00a0\u00ab\u00a0crisog\u00e8ne\u00a0\u00bb, est n\u00e9\u00a0 le Groupe d\u2019action des organisations de la soci\u00e9t\u00e9 civile pour la d\u00e9fense de la constitution du 30 mars 2016, ou G-16.Cette nouvelle coalition [&hellip;]<\/p>\n","protected":false},"author":1816,"featured_media":0,"comment_status":"closed","ping_status":"closed","sticky":false,"template":"","format":"standard","meta":{"fifu_image_url":"","fifu_image_alt":"","footnotes":""},"categories":[73,81],"tags":[],"class_list":["post-149853","post","type-post","status-publish","format-standard","hentry","category-actualite","category-burkina-faso"],"_links":{"self":[{"href":"https:\/\/linitiative.ca\/International\/wp-json\/wp\/v2\/posts\/149853","targetHints":{"allow":["GET"]}}],"collection":[{"href":"https:\/\/linitiative.ca\/International\/wp-json\/wp\/v2\/posts"}],"about":[{"href":"https:\/\/linitiative.ca\/International\/wp-json\/wp\/v2\/types\/post"}],"author":[{"embeddable":true,"href":"https:\/\/linitiative.ca\/International\/wp-json\/wp\/v2\/users\/1816"}],"replies":[{"embeddable":true,"href":"https:\/\/linitiative.ca\/International\/wp-json\/wp\/v2\/comments?post=149853"}],"version-history":[{"count":0,"href":"https:\/\/linitiative.ca\/International\/wp-json\/wp\/v2\/posts\/149853\/revisions"}],"wp:attachment":[{"href":"https:\/\/linitiative.ca\/International\/wp-json\/wp\/v2\/media?parent=149853"}],"wp:term":[{"taxonomy":"category","embeddable":true,"href":"https:\/\/linitiative.ca\/International\/wp-json\/wp\/v2\/categories?post=149853"},{"taxonomy":"post_tag","embeddable":true,"href":"https:\/\/linitiative.ca\/International\/wp-json\/wp\/v2\/tags?post=149853"}],"curies":[{"name":"wp","href":"https:\/\/api.w.org\/{rel}","templated":true}]}}