{"id":149854,"date":"2022-06-10T11:27:53","date_gmt":"2022-06-10T15:27:53","guid":{"rendered":"https:\/\/linitiative.ca\/International\/vatican-malade-le-pape-francois-reporte-son-voyage-en-afrique\/"},"modified":"2022-06-10T11:27:53","modified_gmt":"2022-06-10T15:27:53","slug":"vatican-malade-le-pape-francois-reporte-son-voyage-en-afrique","status":"publish","type":"post","link":"https:\/\/linitiative.ca\/International\/vatican-malade-le-pape-francois-reporte-son-voyage-en-afrique\/","title":{"rendered":"Vatican\u00a0: Malade, le pape Fran\u00e7ois reporte son voyage en Afrique"},"content":{"rendered":"<div>\n<p>La visite du pape Fran\u00e7ois en Afrique-en R\u00e9publique D\u00e9mocratique du Congo et au Soudan du Sud-\u00a0 n\u2019aura pas lieu pour des raisons de sant\u00e9. Le souverain pontife, \u00e2g\u00e9 de 85 ans, souffre d\u2019une arthrose du genou. <em>\u00ab Acceptant la demande des m\u00e9decins, a expliqu\u00e9 le porte-parole du St Si\u00e8ge, et afin de ne pas annuler les r\u00e9sultats des th\u00e9rapies du genou encore en cours, le Saint-P\u00e8re se voit contraint, \u00e0 regret, de reporter le voyage apostolique en R\u00e9publique d\u00e9mocratique du Congo et au Sud-Soudan pr\u00e9vu du 2 au 7 juillet, \u00e0 une nouvelle date \u00e0 d\u00e9finir \u00bb<\/em>, annonce un communiqu\u00e9 du Vatican relay\u00e9 par RFI.<\/p>\n<p><strong>AK<\/strong><\/p>\n<p>\u00a0<\/p>\n<\/div>\n<p>Auteur: Wamini SIDWAYA<br \/>\n<a href=\"https:\/\/www.sidwaya.info\/blog\/2022\/06\/10\/vatican-malade-le-pape-francois-reporte-son-voyage-en-afrique\/\">Cliquez ici pour lire l&rsquo;article depuis sa source.<\/a><\/p>\n","protected":false},"excerpt":{"rendered":"<p>La visite du pape Fran\u00e7ois en Afrique-en R\u00e9publique D\u00e9mocratique du Congo et au Soudan du Sud-\u00a0 n\u2019aura pas lieu pour des raisons de sant\u00e9. Le souverain pontife, \u00e2g\u00e9 de 85 ans, souffre d\u2019une arthrose du genou. \u00ab Acceptant la demande des m\u00e9decins, a expliqu\u00e9 le porte-parole du St Si\u00e8ge, et afin de ne pas annuler [&hellip;]<\/p>\n","protected":false},"author":1816,"featured_media":0,"comment_status":"closed","ping_status":"closed","sticky":false,"template":"","format":"standard","meta":{"fifu_image_url":"","fifu_image_alt":"","footnotes":""},"categories":[73,81],"tags":[],"class_list":["post-149854","post","type-post","status-publish","format-standard","hentry","category-actualite","category-burkina-faso"],"_links":{"self":[{"href":"https:\/\/linitiative.ca\/International\/wp-json\/wp\/v2\/posts\/149854","targetHints":{"allow":["GET"]}}],"collection":[{"href":"https:\/\/linitiative.ca\/International\/wp-json\/wp\/v2\/posts"}],"about":[{"href":"https:\/\/linitiative.ca\/International\/wp-json\/wp\/v2\/types\/post"}],"author":[{"embeddable":true,"href":"https:\/\/linitiative.ca\/International\/wp-json\/wp\/v2\/users\/1816"}],"replies":[{"embeddable":true,"href":"https:\/\/linitiative.ca\/International\/wp-json\/wp\/v2\/comments?post=149854"}],"version-history":[{"count":0,"href":"https:\/\/linitiative.ca\/International\/wp-json\/wp\/v2\/posts\/149854\/revisions"}],"wp:attachment":[{"href":"https:\/\/linitiative.ca\/International\/wp-json\/wp\/v2\/media?parent=149854"}],"wp:term":[{"taxonomy":"category","embeddable":true,"href":"https:\/\/linitiative.ca\/International\/wp-json\/wp\/v2\/categories?post=149854"},{"taxonomy":"post_tag","embeddable":true,"href":"https:\/\/linitiative.ca\/International\/wp-json\/wp\/v2\/tags?post=149854"}],"curies":[{"name":"wp","href":"https:\/\/api.w.org\/{rel}","templated":true}]}}