{"id":149856,"date":"2022-06-10T16:37:38","date_gmt":"2022-06-10T20:37:38","guid":{"rendered":"https:\/\/linitiative.ca\/International\/insecurite-un-civil-tue-dans-le-centre-sud-dans-une-action-militaire-contre-un-groupe-de-trafiquants-armes\/"},"modified":"2022-06-10T16:37:38","modified_gmt":"2022-06-10T20:37:38","slug":"insecurite-un-civil-tue-dans-le-centre-sud-dans-une-action-militaire-contre-un-groupe-de-trafiquants-armes","status":"publish","type":"post","link":"https:\/\/linitiative.ca\/International\/insecurite-un-civil-tue-dans-le-centre-sud-dans-une-action-militaire-contre-un-groupe-de-trafiquants-armes\/","title":{"rendered":"Ins\u00e9curit\u00e9\u00a0: un civil tu\u00e9 dans le centre sud dans une action militaire contre un groupe de trafiquants arm\u00e9s"},"content":{"rendered":"<div>\n<p>L\u2019arm\u00e9e burkinab\u00e8 annonce la mort d\u2019un civil \u00e0 Kalwiga dans la province du Baz\u00e8ga (centre sud) le jeudi 9 juin 2022 \u00e0 l\u2019occasion d\u2019une op\u00e9ration a\u00e9rienne contre \u00ab\u00a0un groupe de trafiquants arm\u00e9s\u00a0\u00bb.<\/p>\n<p>\u00ab<span class=\"td_btn td_btn_md td_shadow_btn\"> L\u2019individu, qui conduisait son troupeau de b\u00e9tail, a re\u00e7u les \u00e9clats d\u2019un projectile qui lui a co\u00fbt\u00e9 la vie. Un autre civil qui se trouvait dans les environs a \u00e9t\u00e9 bless\u00e9. La brigade de gendarmerie de la localit\u00e9 s\u2019est d\u00e9port\u00e9e sur les lieux pour les constations d\u2019usage et une enqu\u00eate a \u00e9t\u00e9 ouverte par le procureur militaire pour \u00e9lucider les circonstances de l\u2019incident<\/span> \u00bb, indique la direction de communication de l\u2019arm\u00e9e dans communiqu\u00e9 publi\u00e9 ce vendredi.<\/p>\n<p>Le procureur militaire a ouvert une enqu\u00eate, poursuit le communiqu\u00e9 de l\u2019arm\u00e9e qui affirme \u00ab la disponibilit\u00e9 du commandement \u00e0 accompagner les autorit\u00e9s judiciaires \u00bb dans la conduite de cette proc\u00e9dure.<\/p>\n<p><strong>Sidwaya.info<\/strong><\/p>\n<\/div>\n<p>Auteur: Wamini SIDWAYA<br \/>\n<a href=\"https:\/\/www.sidwaya.info\/blog\/2022\/06\/10\/insecurite-un-civil-tue-dans-le-centre-sud-dans-une-action-militaire-contre-un-groupe-de-trafiquants-armes\/\">Cliquez ici pour lire l&rsquo;article depuis sa source.<\/a><\/p>\n","protected":false},"excerpt":{"rendered":"<p>L\u2019arm\u00e9e burkinab\u00e8 annonce la mort d\u2019un civil \u00e0 Kalwiga dans la province du Baz\u00e8ga (centre sud) le jeudi 9 juin 2022 \u00e0 l\u2019occasion d\u2019une op\u00e9ration a\u00e9rienne contre \u00ab\u00a0un groupe de trafiquants arm\u00e9s\u00a0\u00bb. \u00ab L\u2019individu, qui conduisait son troupeau de b\u00e9tail, a re\u00e7u les \u00e9clats d\u2019un projectile qui lui a co\u00fbt\u00e9 la vie. Un autre civil [&hellip;]<\/p>\n","protected":false},"author":1816,"featured_media":0,"comment_status":"closed","ping_status":"closed","sticky":false,"template":"","format":"standard","meta":{"fifu_image_url":"","fifu_image_alt":"","footnotes":""},"categories":[73,81],"tags":[],"class_list":["post-149856","post","type-post","status-publish","format-standard","hentry","category-actualite","category-burkina-faso"],"_links":{"self":[{"href":"https:\/\/linitiative.ca\/International\/wp-json\/wp\/v2\/posts\/149856","targetHints":{"allow":["GET"]}}],"collection":[{"href":"https:\/\/linitiative.ca\/International\/wp-json\/wp\/v2\/posts"}],"about":[{"href":"https:\/\/linitiative.ca\/International\/wp-json\/wp\/v2\/types\/post"}],"author":[{"embeddable":true,"href":"https:\/\/linitiative.ca\/International\/wp-json\/wp\/v2\/users\/1816"}],"replies":[{"embeddable":true,"href":"https:\/\/linitiative.ca\/International\/wp-json\/wp\/v2\/comments?post=149856"}],"version-history":[{"count":0,"href":"https:\/\/linitiative.ca\/International\/wp-json\/wp\/v2\/posts\/149856\/revisions"}],"wp:attachment":[{"href":"https:\/\/linitiative.ca\/International\/wp-json\/wp\/v2\/media?parent=149856"}],"wp:term":[{"taxonomy":"category","embeddable":true,"href":"https:\/\/linitiative.ca\/International\/wp-json\/wp\/v2\/categories?post=149856"},{"taxonomy":"post_tag","embeddable":true,"href":"https:\/\/linitiative.ca\/International\/wp-json\/wp\/v2\/tags?post=149856"}],"curies":[{"name":"wp","href":"https:\/\/api.w.org\/{rel}","templated":true}]}}