{"id":149857,"date":"2022-06-10T12:33:34","date_gmt":"2022-06-10T16:33:34","guid":{"rendered":"https:\/\/linitiative.ca\/International\/cameroun-pres-de-60-morts-dans-les-zones-en-crise\/"},"modified":"2022-06-10T12:33:34","modified_gmt":"2022-06-10T16:33:34","slug":"cameroun-pres-de-60-morts-dans-les-zones-en-crise","status":"publish","type":"post","link":"https:\/\/linitiative.ca\/International\/cameroun-pres-de-60-morts-dans-les-zones-en-crise\/","title":{"rendered":"Cameroun : pr\u00e8s de 60 morts dans les zones en crise"},"content":{"rendered":"<div>\n<p><img decoding=\"async\" width=\"590\" height=\"280\" src=\"https:\/\/linitiative.ca\/International\/wp-content\/uploads\/sites\/23\/2022\/06\/armee-cameroun.jpg\" class=\"attachment-post-thumbnail size-post-thumbnail wp-post-image\" alt=\"Pr\u00e8s de 60 morts en deux semaines dans les crises au Cameroun\" loading=\"lazy\" srcset=\"https:\/\/linitiative.ca\/International\/wp-content\/uploads\/sites\/23\/2022\/06\/armee-cameroun.jpg 590w, https:\/\/www.journalducameroun.com\/wp-content\/uploads\/2020\/12\/armee-cameroun-300x142.jpg 300w\" sizes=\"auto, (max-width: 590px) 100vw, 590px\"><\/p>\n<h2 style=\"text-align: justify;\">Depuis le 29 mai dernier, l\u2019on enregistre une s\u00e9rie de d\u00e9c\u00e8s dans les r\u00e9gions du Nord-Ouest, du Sud-Ouest et de l\u2019Extr\u00eame-Nord Cameroun, du fait des crises s\u00e9curitaires.<\/h2>\n<p style=\"text-align: justify;\">\n<p style=\"text-align: justify;\">\n<p style=\"text-align: justify;\">\n<p style=\"text-align: justify;\">Le bilan est lourd. Du sang coule \u00e0 flot, des morts sont enregistr\u00e9s par dizaines sur les fronts s\u00e9curitaires Nord-Ouest, Sud-Ouest et Extr\u00eame-Nord Cameroun. Entre le 30 mai et le 10 juin 2022, plusieurs \u00e9v\u00e9nements tragiques se sont produits.<\/p>\n<p style=\"text-align: justify;\">Au moins 57 personnes ont perdu la vie tant du c\u00f4t\u00e9 des civils que du c\u00f4t\u00e9 de l\u2019arm\u00e9e ou de celui des hommes arm\u00e9s identifi\u00e9s comme s\u00e9paratistes ou comme membres de la secte terroriste <strong>Boko Haram<\/strong>. L\u2019incendie de l\u2019<strong>h\u00f4pital de district de Mamf\u00e9<\/strong> vient de s\u2019ajouter dans la longue liste des pertes mat\u00e9rielles.<\/p>\n<p style=\"text-align: justify;\">En effet, sur le <strong>front Nord-Ouest<\/strong> <strong>et Sud-Ouest<\/strong>, la crise dite anglophone en cours depuis 2016, ne cesse faire des victimes. Sur la p\u00e9riode indiqu\u00e9e plus haut, ce front enregistre plus de d\u00e9c\u00e8s que le front septentrional.<\/p>\n<p style=\"text-align: justify;\">De sources m\u00e9diatiques en effet, le 29 mai dernier, une incursion des <strong>s\u00e9paratistes anglophones<\/strong> dans la localit\u00e9 de Kajifu, arrondissement d\u2019Akwaya, d\u00e9partement de la Manyu r\u00e9gion du Sud-Ouest, se solde par la mort de 24 civils.<\/p>\n<p style=\"text-align: justify;\">Le lendemain, 30 mai 2022, l\u2019arm\u00e9e r\u00e9guli\u00e8re neutralise une dizaine de s\u00e9paratistes. Ces hommes arm\u00e9s tombent au cours de l\u2019op\u00e9ration ayant conduit \u00e0 la lib\u00e9ration de la <strong>s\u00e9natrice Elizabeth Regina Mundi, <\/strong><strong>d\u00e9tenue en captivit\u00e9 depuis le 30 avril. L\u2019information est du minist\u00e8re de la <\/strong><strong>D\u00e9fense<\/strong><strong> (Mindef). \u00a0<\/strong><\/p>\n<p style=\"text-align: justify;\">Dans la soir\u00e9e du mercredi 1<sup>er<\/sup> juin 2022 aux environs de 18h et 30 minutes, quatre \u00e9l\u00e9ments des forces de d\u00e9fense et de s\u00e9curit\u00e9 ouvrent le feu sur les villageois. Le bilan est de neuf civils tu\u00e9s, dont une fillette de 18 mois, quatre femmes et quatre hommes. Le drame se d\u00e9roule dans la localit\u00e9\u00a0 de Missong par Zhoa arrondissement de Fungom, d\u00e9partement de la Menchum r\u00e9gion du Nord-Ouest, informe un communiqu\u00e9 du <strong>Mindef<\/strong>.<\/p>\n<p style=\"text-align: justify;\">Dans la nuit du 07 au 08 juin, cinq gendarmes sont tu\u00e9s dans le d\u00e9partement du Noun, r\u00e9gion de l\u2019Ouest. Les assaillants venus de la r\u00e9gion du Nord-Ouest, ont fait irruption au poste de du Groupement polyvalent d\u2019intervention de la gendarmerie nationale dans la localit\u00e9 de Kouoptamo, d\u00e9partement du Noun, r\u00e9gion de l\u2019Ouest Cameroun. Ledit poste est situ\u00e9 entre Ngoketundjia dans la r\u00e9gion du Nord-Ouest et Njitapon dans la r\u00e9gion de l\u2019Ouest.<\/p>\n<p style=\"text-align: justify;\">Sur le front de l\u2019Extr\u00eame-Nord, une attaque des milices arm\u00e9es islamistes perp\u00e9tr\u00e9e la 31 mai 2021 entra\u00eene la mort de sept personnes. Trois civils et quatre soldats\u00a0 sont tomb\u00e9s au cours de cette incursion de Boko Haram dans un village de la r\u00e9gion de l\u2019Extr\u00eame-Nord.<\/p>\n<p style=\"text-align: justify;\">Par ailleurs, sur ces deux fronts, l\u2019on d\u00e9plore aussi les pertes mat\u00e9rielles dont la plus r\u00e9cente est l\u2019h\u00f4pital de district de Mamfe. Neuf b\u00e2timents sur les 12 que compte cette infrastructure sont partis en fum\u00e9e dans la nuit du 08 juin 2022. L\u2019acte est attribu\u00e9 \u00e0 un groupe d\u2019hommes arm\u00e9s non identifi\u00e9s, les s\u00e9paratistes probablement.<\/p>\n<p>Cet article <a rel=\"nofollow\" href=\"https:\/\/www.journalducameroun.com\/cameroun-pres-de-60-morts-dans-les-zones-en-crise\/\">Cameroun : pr\u00e8s de 60 morts dans les zones en crise<\/a> est apparu en premier sur <a rel=\"nofollow\" href=\"https:\/\/www.journalducameroun.com\/\">Journal du Cameroun<\/a>.<\/p>\n<\/div>\n<p>Auteur: Arnaud MAWEL<br \/>\n<a href=\"https:\/\/www.journalducameroun.com\/cameroun-pres-de-60-morts-dans-les-zones-en-crise\/\">Cliquez ici pour lire l&rsquo;article depuis sa source.<\/a><\/p>\n","protected":false},"excerpt":{"rendered":"<p>Depuis le 29 mai dernier, l\u2019on enregistre une s\u00e9rie de d\u00e9c\u00e8s dans les r\u00e9gions du Nord-Ouest, du Sud-Ouest et de l\u2019Extr\u00eame-Nord Cameroun, du fait des crises s\u00e9curitaires. Le bilan est lourd. Du sang coule \u00e0 flot, des morts sont enregistr\u00e9s par dizaines sur les fronts s\u00e9curitaires Nord-Ouest, Sud-Ouest et Extr\u00eame-Nord Cameroun. Entre le 30 mai [&hellip;]<\/p>\n","protected":false},"author":1965,"featured_media":0,"comment_status":"closed","ping_status":"closed","sticky":false,"template":"","format":"standard","meta":{"fifu_image_url":"https:\/\/www.journalducameroun.com\/wp-content\/uploads\/2020\/12\/armee-cameroun.jpg","fifu_image_alt":"Cameroun : pr\u00e8s de 60 morts dans les zones en crise","footnotes":""},"categories":[73,82],"tags":[],"class_list":["post-149857","post","type-post","status-publish","format-standard","hentry","category-actualite","category-cameroun"],"_links":{"self":[{"href":"https:\/\/linitiative.ca\/International\/wp-json\/wp\/v2\/posts\/149857","targetHints":{"allow":["GET"]}}],"collection":[{"href":"https:\/\/linitiative.ca\/International\/wp-json\/wp\/v2\/posts"}],"about":[{"href":"https:\/\/linitiative.ca\/International\/wp-json\/wp\/v2\/types\/post"}],"author":[{"embeddable":true,"href":"https:\/\/linitiative.ca\/International\/wp-json\/wp\/v2\/users\/1965"}],"replies":[{"embeddable":true,"href":"https:\/\/linitiative.ca\/International\/wp-json\/wp\/v2\/comments?post=149857"}],"version-history":[{"count":0,"href":"https:\/\/linitiative.ca\/International\/wp-json\/wp\/v2\/posts\/149857\/revisions"}],"wp:attachment":[{"href":"https:\/\/linitiative.ca\/International\/wp-json\/wp\/v2\/media?parent=149857"}],"wp:term":[{"taxonomy":"category","embeddable":true,"href":"https:\/\/linitiative.ca\/International\/wp-json\/wp\/v2\/categories?post=149857"},{"taxonomy":"post_tag","embeddable":true,"href":"https:\/\/linitiative.ca\/International\/wp-json\/wp\/v2\/tags?post=149857"}],"curies":[{"name":"wp","href":"https:\/\/api.w.org\/{rel}","templated":true}]}}