{"id":149859,"date":"2022-06-10T12:48:40","date_gmt":"2022-06-10T16:48:40","guid":{"rendered":"https:\/\/linitiative.ca\/International\/crise-anglophone-des-refugies-camerounais-au-nigeria-recoivent-des-kits-sanitaires\/"},"modified":"2022-06-10T12:48:40","modified_gmt":"2022-06-10T16:48:40","slug":"crise-anglophone-des-refugies-camerounais-au-nigeria-recoivent-des-kits-sanitaires","status":"publish","type":"post","link":"https:\/\/linitiative.ca\/International\/crise-anglophone-des-refugies-camerounais-au-nigeria-recoivent-des-kits-sanitaires\/","title":{"rendered":"Crise anglophone : des r\u00e9fugi\u00e9s camerounais au Nigeria re\u00e7oivent des kits sanitaires"},"content":{"rendered":"<div>\n<p><img decoding=\"async\" width=\"1024\" height=\"683\" src=\"https:\/\/linitiative.ca\/International\/wp-content\/uploads\/sites\/23\/2022\/06\/31_10_2017_cameroon_0.jpg\" class=\"attachment-post-thumbnail size-post-thumbnail wp-post-image\" alt=\"\" loading=\"lazy\" srcset=\"https:\/\/linitiative.ca\/International\/wp-content\/uploads\/sites\/23\/2022\/06\/31_10_2017_cameroon_0.jpg 1024w, https:\/\/www.journalducameroun.com\/wp-content\/uploads\/2022\/06\/31_10_2017_cameroon_0-300x200.jpg 300w, https:\/\/www.journalducameroun.com\/wp-content\/uploads\/2022\/06\/31_10_2017_cameroon_0-768x512.jpg 768w, https:\/\/www.journalducameroun.com\/wp-content\/uploads\/2022\/06\/31_10_2017_cameroon_0-660x440.jpg 660w, https:\/\/www.journalducameroun.com\/wp-content\/uploads\/2022\/06\/31_10_2017_cameroon_0-600x400.jpg 600w\" sizes=\"auto, (max-width: 1024px) 100vw, 1024px\"><\/p>\n<h2 dir=\"auto\" style=\"text-align: justify;\">A l&rsquo;occasion de la Journ\u00e9e Mondiale de l&rsquo;Hygi\u00e8ne Menstruelle, la Coalition internationale pour l&rsquo;hygi\u00e8ne menstruelle (IMHC) a distribu\u00e9 des kits d&rsquo;hygi\u00e8ne menstruelle aux filles et aux femmes d\u00e9plac\u00e9es des r\u00e9gions du Nord-Ouest et du Sud-Ouest du Cameroun.<\/h2>\n<div dir=\"auto\" style=\"text-align: justify;\">Le don a \u00e9t\u00e9 effectu\u00e9 \u00e0 l&rsquo;occasion de la Journ\u00e9e mondiale de l&rsquo;hygi\u00e8ne menstruelle comm\u00e9mor\u00e9e le 28 mai 2022 dernier. Les r\u00e9fugi\u00e9s de la <strong>crise anglophones<\/strong> de plus de 500 foyers dans quelque 16 communaut\u00e9s du camp de r\u00e9fugi\u00e9s d&rsquo;Adagom 3 dans l&rsquo;\u00c9tat de Cross River, au <strong>Nigeria<\/strong>, ont re\u00e7u des kits d&rsquo;hygi\u00e8ne menstruelle compos\u00e9s de serviettes hygi\u00e9niques r\u00e9utilisables, de pantalons, de savons et de seaux.<\/div>\n<div dir=\"auto\" style=\"text-align: justify;\"><\/div>\n<div dir=\"auto\" style=\"text-align: justify;\">Les cadeaux appel\u00e9s \u00ab\u00a0kits de dignit\u00e9\u00a0\u00bb leur ont \u00e9t\u00e9 distribu\u00e9s par la Coalition internationale pour l&rsquo;hygi\u00e8ne menstruelle, une initiative annuelle coordonn\u00e9e par la Fondation Welisane, qui vise \u00e0 donner aux filles les moyens de g\u00e9rer leurs r\u00e8gles dans l&rsquo;intimit\u00e9, la s\u00e9curit\u00e9 et la dignit\u00e9.<\/div>\n<div dir=\"auto\" style=\"text-align: justify;\"><\/div>\n<div dir=\"auto\" style=\"text-align: justify;\">Selon la coordinatrice g\u00e9n\u00e9rale de la coalition, qui est \u00e9galement fondatrice\/pr\u00e9sidente de la Fondation Welisane, Welisane Mokwe Nkeng, les filles et les femmes d\u00e9plac\u00e9es par la crise anglophone vivent dans des conditions d\u00e9sesp\u00e9r\u00e9es, car la plupart d&rsquo;entre elles manquent de besoins de base tels que des serviettes hygi\u00e9niques \u00e0 emporter.<\/div>\n<div dir=\"auto\" style=\"text-align: justify;\"><\/div>\n<div dir=\"auto\" style=\"text-align: justify;\"><em>\u00ab Nous sommes venues rendre visite \u00e0 nos s\u0153urs qui ont fui la crise anglophone en cours pour s&rsquo;installer au Nigeria. Nous sommes \u00e0 Cross River State pour faire don de serviettes, de seaux et de savons \u00e0 l&rsquo;occasion de la Journ\u00e9e mondiale de l&rsquo;hygi\u00e8ne menstruelle\u2026 \u00bb,<\/em> a d\u00e9clar\u00e9 Welisane.<\/div>\n<div dir=\"auto\" style=\"text-align: justify;\"><\/div>\n<div dir=\"auto\" style=\"text-align: justify;\"><em>\u00ab\u00a0Nous avons ressenti le besoin de tendre la main \u00e0 ceux qui peuvent avoir beaucoup de besoins de base et ne pas \u00eatre en mesure de les rencontrer. Les serviettes hygi\u00e9niques font partie de ces choses dont une fille ne peut se passer car les menstruations ne sont pas n\u00e9gociables. C&rsquo;est pourquoi nous sommes venus ici pour les soutenir et faire en sorte que chaque fille ait acc\u00e8s \u00e0 des serviettes, qu&rsquo;elles soient d\u00e9plac\u00e9es ou non, privil\u00e9gi\u00e9es ou d\u00e9favoris\u00e9es. Le droit \u00e0 des serviettes est le droit \u00e0 la sant\u00e9 et c&rsquo;est donc un droit humain pour chaque fille d&rsquo;avoir acc\u00e8s \u00e0 des serviettes\u00a0\u00bb <\/em>a-t-elle ajout\u00e9.<\/div>\n<div dir=\"auto\" style=\"text-align: justify;\"><\/div>\n<div dir=\"auto\" style=\"text-align: justify;\"><\/div>\n<p>Cet article <a rel=\"nofollow\" href=\"https:\/\/www.journalducameroun.com\/crise-anglophone-des-refugies-camerounais-au-nigeria-recoivent-des-kits-sanitaires\/\">Crise anglophone : des r\u00e9fugi\u00e9s camerounais au Nigeria re\u00e7oivent des kits sanitaires<\/a> est apparu en premier sur <a rel=\"nofollow\" href=\"https:\/\/www.journalducameroun.com\/\">Journal du Cameroun<\/a>.<\/p>\n<\/div>\n<p>Auteur: Paul Wandji<br \/>\n<a href=\"https:\/\/www.journalducameroun.com\/crise-anglophone-des-refugies-camerounais-au-nigeria-recoivent-des-kits-sanitaires\/\">Cliquez ici pour lire l&rsquo;article depuis sa source.<\/a><\/p>\n","protected":false},"excerpt":{"rendered":"<p>A l&rsquo;occasion de la Journ\u00e9e Mondiale de l&rsquo;Hygi\u00e8ne Menstruelle, la Coalition internationale pour l&rsquo;hygi\u00e8ne menstruelle (IMHC) a distribu\u00e9 des kits d&rsquo;hygi\u00e8ne menstruelle aux filles et aux femmes d\u00e9plac\u00e9es des r\u00e9gions du Nord-Ouest et du Sud-Ouest du Cameroun. Le don a \u00e9t\u00e9 effectu\u00e9 \u00e0 l&rsquo;occasion de la Journ\u00e9e mondiale de l&rsquo;hygi\u00e8ne menstruelle comm\u00e9mor\u00e9e le 28 mai [&hellip;]<\/p>\n","protected":false},"author":1965,"featured_media":0,"comment_status":"closed","ping_status":"closed","sticky":false,"template":"","format":"standard","meta":{"fifu_image_url":"https:\/\/www.journalducameroun.com\/wp-content\/uploads\/2022\/06\/31_10_2017_cameroon_0.jpg","fifu_image_alt":"Crise anglophone : des r\u00e9fugi\u00e9s camerounais au Nigeria re\u00e7oivent des kits sanitaires","footnotes":""},"categories":[73,82],"tags":[],"class_list":["post-149859","post","type-post","status-publish","format-standard","hentry","category-actualite","category-cameroun"],"_links":{"self":[{"href":"https:\/\/linitiative.ca\/International\/wp-json\/wp\/v2\/posts\/149859","targetHints":{"allow":["GET"]}}],"collection":[{"href":"https:\/\/linitiative.ca\/International\/wp-json\/wp\/v2\/posts"}],"about":[{"href":"https:\/\/linitiative.ca\/International\/wp-json\/wp\/v2\/types\/post"}],"author":[{"embeddable":true,"href":"https:\/\/linitiative.ca\/International\/wp-json\/wp\/v2\/users\/1965"}],"replies":[{"embeddable":true,"href":"https:\/\/linitiative.ca\/International\/wp-json\/wp\/v2\/comments?post=149859"}],"version-history":[{"count":0,"href":"https:\/\/linitiative.ca\/International\/wp-json\/wp\/v2\/posts\/149859\/revisions"}],"wp:attachment":[{"href":"https:\/\/linitiative.ca\/International\/wp-json\/wp\/v2\/media?parent=149859"}],"wp:term":[{"taxonomy":"category","embeddable":true,"href":"https:\/\/linitiative.ca\/International\/wp-json\/wp\/v2\/categories?post=149859"},{"taxonomy":"post_tag","embeddable":true,"href":"https:\/\/linitiative.ca\/International\/wp-json\/wp\/v2\/tags?post=149859"}],"curies":[{"name":"wp","href":"https:\/\/api.w.org\/{rel}","templated":true}]}}