{"id":149861,"date":"2022-06-10T13:18:03","date_gmt":"2022-06-10T17:18:03","guid":{"rendered":"https:\/\/linitiative.ca\/International\/guinee-le-fndc-annonce-une-marche-le-23-juin-prochain\/"},"modified":"2022-06-10T13:18:03","modified_gmt":"2022-06-10T17:18:03","slug":"guinee-le-fndc-annonce-une-marche-le-23-juin-prochain","status":"publish","type":"post","link":"https:\/\/linitiative.ca\/International\/guinee-le-fndc-annonce-une-marche-le-23-juin-prochain\/","title":{"rendered":"Guin\u00e9e : le FNDC annonce une marche le 23 juin prochain"},"content":{"rendered":"<div>\n<p><img decoding=\"async\" width=\"1280\" height=\"1208\" src=\"https:\/\/linitiative.ca\/International\/wp-content\/uploads\/sites\/23\/2022\/06\/16548814849745.jpg\" class=\"attachment-post-thumbnail size-post-thumbnail wp-post-image\" alt=\"\" loading=\"lazy\" srcset=\"https:\/\/linitiative.ca\/International\/wp-content\/uploads\/sites\/23\/2022\/06\/16548814849745.jpg 1280w, https:\/\/www.journalducameroun.com\/wp-content\/uploads\/2022\/06\/16548814849745-300x283.jpg 300w, https:\/\/www.journalducameroun.com\/wp-content\/uploads\/2022\/06\/16548814849745-1024x966.jpg 1024w, https:\/\/www.journalducameroun.com\/wp-content\/uploads\/2022\/06\/16548814849745-768x725.jpg 768w, https:\/\/www.journalducameroun.com\/wp-content\/uploads\/2022\/06\/16548814849745-466x440.jpg 466w, https:\/\/www.journalducameroun.com\/wp-content\/uploads\/2022\/06\/16548814849745-600x566.jpg 600w\" sizes=\"auto, (max-width: 1280px) 100vw, 1280px\"><\/p>\n<p>La manifestation du Front National pour la D\u00e9fense de la Constitution (FNDC), qui se veut \u00ab citoyenne et pacifique \u00bb, vise \u00e0 exiger de la junte un retour rapide \u00e0 l&rsquo;ordre constitutionnel.C&rsquo;est la fin de l&rsquo;accalmie cons\u00e9cutive au coup d&rsquo;Etat contre Alpha Cond\u00e9. Dans une d\u00e9claration, publi\u00e9e ce vendredi, \u00ab le Front National pour la D\u00e9fense de la Constitution (FNDC)\u00a0informe qu&rsquo;il organisera une manifestation le jeudi 23 juin 2022 dans le grand Conakry\u00a0\u00bb.<\/p>\n<p>A travers la marche, cette coalition de partis politiques et de mouvements citoyens veut entre autres pousser les militaires au pouvoir \u00e0 cr\u00e9er un cadre de dialogue pour discuter de l&rsquo;avenir de la Guin\u00e9e comme en dispose l&rsquo;article 77 de la charte de la transition.<\/p>\n<p>Le FNDC souhaite \u00e9galement qu&rsquo;un d\u00e9lai raisonnable et consensuel de la transition soit fix\u00e9 au lieu des 36 mois \u00ab qui ne reposent sur aucune base objective\u00a0\u00bb, mais \u00ab impos\u00e9s \u00bb par le colonel Mamady Doumbouya, le nouvel homme fort du pays.<\/p>\n<p>Pour se conformer aux proc\u00e9dures administratives, les initiateurs de la marche vont adresser une lettre d&rsquo;information aux autorit\u00e9s en y pr\u00e9cisant l&rsquo;itin\u00e9raire et les dispositions pratiques \u00e0 prendre pour sa r\u00e9ussite.<\/p>\n<p>Enfin, le FNDC appelle les citoyens militant pour la d\u00e9mocratie et \u00e9pris de justice \u00e0 la mobilisation g\u00e9n\u00e9rale pour faciliter le retour rapide \u00e0 l&rsquo;ordre constitutionnel dans la paix.<\/p>\n<p>Cet article <a rel=\"nofollow\" href=\"https:\/\/www.journalducameroun.com\/guinee-le-fndc-annonce-une-marche-le-23-juin-prochain\/\">Guin\u00e9e : le FNDC annonce une marche le 23 juin prochain<\/a> est apparu en premier sur <a rel=\"nofollow\" href=\"https:\/\/www.journalducameroun.com\/\">Journal du Cameroun<\/a>.<\/p>\n<\/div>\n<p>Auteur: APA News<br \/>\n<a href=\"https:\/\/www.journalducameroun.com\/guinee-le-fndc-annonce-une-marche-le-23-juin-prochain\/\">Cliquez ici pour lire l&rsquo;article depuis sa source.<\/a><\/p>\n","protected":false},"excerpt":{"rendered":"<p>La manifestation du Front National pour la D\u00e9fense de la Constitution (FNDC), qui se veut \u00ab citoyenne et pacifique \u00bb, vise \u00e0 exiger de la junte un retour rapide \u00e0 l&rsquo;ordre constitutionnel.C&rsquo;est la fin de l&rsquo;accalmie cons\u00e9cutive au coup d&rsquo;Etat contre Alpha Cond\u00e9. Dans une d\u00e9claration, publi\u00e9e ce vendredi, \u00ab le Front National pour la [&hellip;]<\/p>\n","protected":false},"author":1965,"featured_media":0,"comment_status":"closed","ping_status":"closed","sticky":false,"template":"","format":"standard","meta":{"fifu_image_url":"https:\/\/www.journalducameroun.com\/wp-content\/uploads\/2022\/06\/16548814849745.jpg","fifu_image_alt":"Guin\u00e9e : le FNDC annonce une marche le 23 juin prochain","footnotes":""},"categories":[73,82],"tags":[],"class_list":["post-149861","post","type-post","status-publish","format-standard","hentry","category-actualite","category-cameroun"],"_links":{"self":[{"href":"https:\/\/linitiative.ca\/International\/wp-json\/wp\/v2\/posts\/149861","targetHints":{"allow":["GET"]}}],"collection":[{"href":"https:\/\/linitiative.ca\/International\/wp-json\/wp\/v2\/posts"}],"about":[{"href":"https:\/\/linitiative.ca\/International\/wp-json\/wp\/v2\/types\/post"}],"author":[{"embeddable":true,"href":"https:\/\/linitiative.ca\/International\/wp-json\/wp\/v2\/users\/1965"}],"replies":[{"embeddable":true,"href":"https:\/\/linitiative.ca\/International\/wp-json\/wp\/v2\/comments?post=149861"}],"version-history":[{"count":0,"href":"https:\/\/linitiative.ca\/International\/wp-json\/wp\/v2\/posts\/149861\/revisions"}],"wp:attachment":[{"href":"https:\/\/linitiative.ca\/International\/wp-json\/wp\/v2\/media?parent=149861"}],"wp:term":[{"taxonomy":"category","embeddable":true,"href":"https:\/\/linitiative.ca\/International\/wp-json\/wp\/v2\/categories?post=149861"},{"taxonomy":"post_tag","embeddable":true,"href":"https:\/\/linitiative.ca\/International\/wp-json\/wp\/v2\/tags?post=149861"}],"curies":[{"name":"wp","href":"https:\/\/api.w.org\/{rel}","templated":true}]}}