{"id":149863,"date":"2022-06-10T13:18:03","date_gmt":"2022-06-10T17:18:03","guid":{"rendered":"https:\/\/linitiative.ca\/International\/afrique-lavenir-de-lentreprenariat-innovant-en-debat-a-dakar\/"},"modified":"2022-06-10T13:18:03","modified_gmt":"2022-06-10T17:18:03","slug":"afrique-lavenir-de-lentreprenariat-innovant-en-debat-a-dakar","status":"publish","type":"post","link":"https:\/\/linitiative.ca\/International\/afrique-lavenir-de-lentreprenariat-innovant-en-debat-a-dakar\/","title":{"rendered":"Afrique : l\u2019avenir de l\u2019entreprenariat innovant en d\u00e9bat \u00e0 Dakar"},"content":{"rendered":"<div>\n<p>Sur invitation d\u2019Afric\u2019Innov, des Structures d\u2019Accompagnement \u00e0 l\u2019Entrepreneuriat Innovant (SAEI) du continent se sont retrouv\u00e9es dans la capitale s\u00e9n\u00e9galaise pour un diagnostic sans complaisance.\u00ab Entrepreneuriat et d\u00e9veloppement : quels r\u00f4les pour les hubs d\u2019innovation ? \u00bb, c\u2019est autour de ce th\u00e8me que l\u2019association panafricaine, Afric\u2019Innov, a regroup\u00e9 ce vendredi des Structures d\u2019Accompagnement \u00e0 l\u2019Entrepreneuriat Innovant (SAEI).<\/p>\n<p>\u00ab L\u2019id\u00e9e est de permettre \u00e0 toutes ces SAEI d\u2019\u00e9changer, de partager de bonnes pratiques, mais \u00e9galement de se tourner vers l\u2019avenir \u00bb, explique Senam Beheton, pr\u00e9sident du Conseil d\u2019administration d\u2019Afric\u2019Innov.<\/p>\n<p>La rencontre est cens\u00e9e \u00ab professionnaliser les structures d\u2019accompagnement pour les rendre cr\u00e9dibles aux yeux des entrepreneurs, des partenaires au d\u00e9veloppement et des gouvernements \u00bb. Pour ce faire, Afric\u2019Innov met en avant un ensemble d\u2019outils dont les plus essentiels portent sur \u00ab la formation pour les dirigeants et les cadres \u00bb et la mise \u00e0 disposition d\u2019instruments digitaux.<\/p>\n<p>Selon M. Beheton, la question de l\u2019employabilit\u00e9 ne peut \u00eatre exclusivement \u00ab le probl\u00e8me des gouvernements africains \u00bb. D\u00e8s lors, \u00ab il faut que les hubs d\u2019innovation et les SAEI s\u2019investissent pour donner des opportunit\u00e9s aux jeunes \u00bb, a-t-il souhait\u00e9.<\/p>\n<p>Dans son intervention, Bitty Lokho Ndiaye, Directrice de la Promotion de l\u2019\u00e9conomie num\u00e9rique et du partenariat au S\u00e9n\u00e9gal, a pr\u00e9sent\u00e9 les actions de son pays pour la promotion de l\u2019innovation num\u00e9rique avec notamment la cr\u00e9ation d\u2019un grand prix du chef de l\u2019Etat et l\u2019adoption de la loi startup dont le d\u00e9cret d\u2019application est d\u00e9j\u00e0 pris.<\/p>\n<p>\u00ab Nous avons aussi en perspective un parc de technologie num\u00e9rique. Il regroupera plusieurs infrastructures parmi lesquelles un incubateur pour soutenir les hubs d\u2019innovation au S\u00e9n\u00e9gal \u00bb, a-t-elle ajout\u00e9.<\/p>\n<p>Cet article <a rel=\"nofollow\" href=\"https:\/\/www.journalducameroun.com\/afrique-lavenir-de-lentreprenariat-innovant-en-debat-a-dakar\/\">Afrique : l\u2019avenir de l\u2019entreprenariat innovant en d\u00e9bat \u00e0 Dakar<\/a> est apparu en premier sur <a rel=\"nofollow\" href=\"https:\/\/www.journalducameroun.com\/\">Journal du Cameroun<\/a>.<\/p>\n<\/div>\n<p>Auteur: APA News<br \/>\n<a href=\"https:\/\/www.journalducameroun.com\/afrique-lavenir-de-lentreprenariat-innovant-en-debat-a-dakar\/\">Cliquez ici pour lire l&rsquo;article depuis sa source.<\/a><\/p>\n","protected":false},"excerpt":{"rendered":"<p>Sur invitation d\u2019Afric\u2019Innov, des Structures d\u2019Accompagnement \u00e0 l\u2019Entrepreneuriat Innovant (SAEI) du continent se sont retrouv\u00e9es dans la capitale s\u00e9n\u00e9galaise pour un diagnostic sans complaisance.\u00ab Entrepreneuriat et d\u00e9veloppement : quels r\u00f4les pour les hubs d\u2019innovation ? \u00bb, c\u2019est autour de ce th\u00e8me que l\u2019association panafricaine, Afric\u2019Innov, a regroup\u00e9 ce vendredi des Structures d\u2019Accompagnement \u00e0 l\u2019Entrepreneuriat Innovant [&hellip;]<\/p>\n","protected":false},"author":1965,"featured_media":0,"comment_status":"closed","ping_status":"closed","sticky":false,"template":"","format":"standard","meta":{"fifu_image_url":"","fifu_image_alt":"","footnotes":""},"categories":[73,82],"tags":[],"class_list":["post-149863","post","type-post","status-publish","format-standard","hentry","category-actualite","category-cameroun"],"_links":{"self":[{"href":"https:\/\/linitiative.ca\/International\/wp-json\/wp\/v2\/posts\/149863","targetHints":{"allow":["GET"]}}],"collection":[{"href":"https:\/\/linitiative.ca\/International\/wp-json\/wp\/v2\/posts"}],"about":[{"href":"https:\/\/linitiative.ca\/International\/wp-json\/wp\/v2\/types\/post"}],"author":[{"embeddable":true,"href":"https:\/\/linitiative.ca\/International\/wp-json\/wp\/v2\/users\/1965"}],"replies":[{"embeddable":true,"href":"https:\/\/linitiative.ca\/International\/wp-json\/wp\/v2\/comments?post=149863"}],"version-history":[{"count":0,"href":"https:\/\/linitiative.ca\/International\/wp-json\/wp\/v2\/posts\/149863\/revisions"}],"wp:attachment":[{"href":"https:\/\/linitiative.ca\/International\/wp-json\/wp\/v2\/media?parent=149863"}],"wp:term":[{"taxonomy":"category","embeddable":true,"href":"https:\/\/linitiative.ca\/International\/wp-json\/wp\/v2\/categories?post=149863"},{"taxonomy":"post_tag","embeddable":true,"href":"https:\/\/linitiative.ca\/International\/wp-json\/wp\/v2\/tags?post=149863"}],"curies":[{"name":"wp","href":"https:\/\/api.w.org\/{rel}","templated":true}]}}