{"id":149864,"date":"2022-06-10T15:18:03","date_gmt":"2022-06-10T19:18:03","guid":{"rendered":"https:\/\/linitiative.ca\/International\/le-service-public-dinformation-au-defi-de-la-modernite-tribune\/"},"modified":"2022-06-10T15:18:03","modified_gmt":"2022-06-10T19:18:03","slug":"le-service-public-dinformation-au-defi-de-la-modernite-tribune","status":"publish","type":"post","link":"https:\/\/linitiative.ca\/International\/le-service-public-dinformation-au-defi-de-la-modernite-tribune\/","title":{"rendered":"Le service public d\u2019information au d\u00e9fi de la modernit\u00e9 (tribune)"},"content":{"rendered":"<div>\n<p><img decoding=\"async\" width=\"1280\" height=\"727\" src=\"https:\/\/linitiative.ca\/International\/wp-content\/uploads\/sites\/23\/2022\/06\/16548886831153.jpg\" class=\"attachment-post-thumbnail size-post-thumbnail wp-post-image\" alt=\"\" loading=\"lazy\" srcset=\"https:\/\/linitiative.ca\/International\/wp-content\/uploads\/sites\/23\/2022\/06\/16548886831153.jpg 1280w, https:\/\/www.journalducameroun.com\/wp-content\/uploads\/2022\/06\/16548886831153-300x170.jpg 300w, https:\/\/www.journalducameroun.com\/wp-content\/uploads\/2022\/06\/16548886831153-1024x582.jpg 1024w, https:\/\/www.journalducameroun.com\/wp-content\/uploads\/2022\/06\/16548886831153-768x436.jpg 768w, https:\/\/www.journalducameroun.com\/wp-content\/uploads\/2022\/06\/16548886831153-380x215.jpg 380w, https:\/\/www.journalducameroun.com\/wp-content\/uploads\/2022\/06\/16548886831153-160x90.jpg 160w, https:\/\/www.journalducameroun.com\/wp-content\/uploads\/2022\/06\/16548886831153-240x135.jpg 240w, https:\/\/www.journalducameroun.com\/wp-content\/uploads\/2022\/06\/16548886831153-775x440.jpg 775w, https:\/\/www.journalducameroun.com\/wp-content\/uploads\/2022\/06\/16548886831153-350x200.jpg 350w, https:\/\/www.journalducameroun.com\/wp-content\/uploads\/2022\/06\/16548886831153-600x341.jpg 600w\" sizes=\"auto, (max-width: 1280px) 100vw, 1280px\"><\/p>\n<p>Un conseiller du pr\u00e9sident Macky Sall salue la d\u00e9cision de l&rsquo;Etat de financer, \u00e0 hauteur de 33 milliards F CFA, la construction d&rsquo;une tour de dix \u00e9tages sur le site de la Radiodiffusion T\u00e9l\u00e9vision S\u00e9n\u00e9galaise (RTS) pour faire entrer le m\u00e9dia public dans une nouvelle \u00e8re.La pose de la premi\u00e8re pierre de la Tour RTS, mardi 7 juin 2022, par le chef de l&rsquo;Etat constitue un jalon \u00ab historique et refondateur \u00bb dans la modernisation de l&rsquo;audiovisuel public. La nouvelle infrastructure ne consiste pas, en effet, en une simple extension de b\u00e2timent. \u00a0Elle illustre la conscience claire de l&rsquo;Etat du S\u00e9n\u00e9gal que les nouvelles r\u00e9volutions technologiques dans le secteur de la communication et de l&rsquo;information nous imposent de faire face, rigoureusement, \u00e0 une bataille capitale de contenus.<\/p>\n<p>L&rsquo;audiovisuel public, avec la RTS notamment, est le c\u0153ur strat\u00e9gique de cette bataille dans la mesure o\u00f9 l&rsquo;enjeu de son positionnement est d&rsquo;abord le socialement utile et non le m\u00e9diatiquement vendable. Il est soumis \u00e0 l&rsquo;obligation de rendre compte, syst\u00e9matiquement, de tout ce que l&rsquo;Etat fait au nom de ses citoyens. C&rsquo;est une mission r\u00e9galienne qu&rsquo;elle est seule capable d&rsquo;assumer.<\/p>\n<p>En d&rsquo;autres termes, sa couverture exhaustive de toutes les sensibilit\u00e9s socioculturelles et l&rsquo;obligation d&rsquo;information des citoyens sur tout ce qu&rsquo;entreprend l&rsquo;Etat en font l&rsquo;outil d&rsquo;int\u00e9gration et d&rsquo;unit\u00e9 nationales par excellence.<\/p>\n<p>Avec ses dix-sept chaines de radio, ses cinq chaines de t\u00e9l\u00e9vision et ses supports digitaux, la RTS offre un acc\u00e8s incomparable aux diverses plateformes d&rsquo;information, d&rsquo;\u00e9ducation et de distraction \u00e0 toutes les cat\u00e9gories de la population.<\/p>\n<p>Comme tout service public, l&rsquo;audiovisuel public n&rsquo;est pas dans une logique de profit, encore moins de concurrence avec le secteur priv\u00e9, encore qu&rsquo;il soit soumis \u00e0 une exigence de rigueur, d&rsquo;efficience et d&rsquo;efficacit\u00e9 dans la gestion pour assurer sa viabilit\u00e9. Si profit il y a, il est r\u00e9investi int\u00e9gralement dans le service aux populations.<\/p>\n<p>C&rsquo;est pour cette raison que le service public d&rsquo;information, l&rsquo;audiovisuel en particulier, doit s&rsquo;inscrire r\u00e9solument dans la modernit\u00e9 dont la nouvelle infrastructure, dite Tour RTS, immeuble intelligent, est un r\u00e9v\u00e9lateur \u00e0 la fois imp\u00e9ratif et pertinent.<\/p>\n<p>Par la diversit\u00e9 de ses programmes inclusifs, la qualit\u00e9 et l&rsquo;utilit\u00e9 de ses produits, mais \u00e9galement l&rsquo;exemplarit\u00e9 de sa gestion, l&rsquo;audiovisuel public s&rsquo;impose comme un puissant r\u00e9gulateur, \u00e0 c\u00f4t\u00e9 des instances de r\u00e9gulation et d&rsquo;autor\u00e9gulation d\u00e9di\u00e9es, dans un espace m\u00e9diatique o\u00f9 la norme \u00e9lev\u00e9e n&rsquo;est pas la chose la mieux partag\u00e9e.<\/p>\n<p>Il est heureux que figure, dans le projet de Tour RTS, une acad\u00e9mie de renforcement de capacit\u00e9 technique et, dans l&rsquo;ordre du souhaitable, \u00e9thique. De plus, il convient de saluer l&rsquo;effort de la Direction G\u00e9n\u00e9rale de la RTS ambitieuse de b\u00e2tir, pas \u00e0 pas, une v\u00e9ritable plateforme digitale pour prendre en charge les nouvelles tendances lourdes en mati\u00e8re de production et de diffusion de contenus informatifs, \u00a0\u00e9ducatifs et distractifs. Les r\u00e9volutions du num\u00e9rique r\u00e9duisent les disparit\u00e9s et les in\u00e9galit\u00e9s technologiques tant en mati\u00e8re de production que de diffusion.<\/p>\n<p>Aussi, par son exp\u00e9rience capitalis\u00e9e, ses moyens cons\u00e9quents mis \u00e0 disposition par l&rsquo;Etat et la cr\u00e9ativit\u00e9 de ses \u00e9quipes sous l&rsquo;impulsion de son Directeur G\u00e9n\u00e9ral, la RTS poss\u00e8de tous les atouts pour devenir ce \u00ab hub majeur de l&rsquo;audiovisuel africain et international \u00bb.<\/p>\n<p>Sa r\u00e9sonnance mondiale sera ainsi, pour le S\u00e9n\u00e9gal, un puissant moyen d&rsquo;exposition au monde de sa richesse culturelle et de la vitalit\u00e9 de ses productions historiques dans tous les domaines politique, \u00e9conomique, sociale, artistique, diplomatique et intellectuelle.<\/p>\n<p>Au moment o\u00f9 un nouveau leadership tire notre continent vers haut, vers plus de souverainet\u00e9 et de puissance sur la sc\u00e8ne des relations internationales, la RTS, forte de la volont\u00e9 politique du chef de l&rsquo;Etat, a toutes les pr\u00e9dispositions techniques, professionnelles et intellectuelles pour \u00eatre le site, par l&rsquo;excellence, du d\u00e9ploiement de notre propre r\u00e9cit sur notre histoire et les \u00e9v\u00e8nements qui le ponctuent, sur le monde et notre rapport au monde. Les id\u00e9es, en effet, ne sont pas de simples adjuvants ; elles sont une \u00ab force mat\u00e9rielle capable de transformer le monde \u00bb.<\/p>\n<p>El Hadj Hamidou Kass\u00e9, philosophe et \u00e9crivain<\/p>\n<p>Cet article <a rel=\"nofollow\" href=\"https:\/\/www.journalducameroun.com\/le-service-public-dinformation-au-defi-de-la-modernite-tribune\/\">Le service public d\u2019information au d\u00e9fi de la modernit\u00e9 (tribune)<\/a> est apparu en premier sur <a rel=\"nofollow\" href=\"https:\/\/www.journalducameroun.com\/\">Journal du Cameroun<\/a>.<\/p>\n<\/div>\n<p>Auteur: APA News<br \/>\n<a href=\"https:\/\/www.journalducameroun.com\/le-service-public-dinformation-au-defi-de-la-modernite-tribune\/\">Cliquez ici pour lire l&rsquo;article depuis sa source.<\/a><\/p>\n","protected":false},"excerpt":{"rendered":"<p>Un conseiller du pr\u00e9sident Macky Sall salue la d\u00e9cision de l&rsquo;Etat de financer, \u00e0 hauteur de 33 milliards F CFA, la construction d&rsquo;une tour de dix \u00e9tages sur le site de la Radiodiffusion T\u00e9l\u00e9vision S\u00e9n\u00e9galaise (RTS) pour faire entrer le m\u00e9dia public dans une nouvelle \u00e8re.La pose de la premi\u00e8re pierre de la Tour RTS, [&hellip;]<\/p>\n","protected":false},"author":1965,"featured_media":0,"comment_status":"closed","ping_status":"closed","sticky":false,"template":"","format":"standard","meta":{"fifu_image_url":"https:\/\/www.journalducameroun.com\/wp-content\/uploads\/2022\/06\/16548886831153.jpg","fifu_image_alt":"Le service public d\u2019information au d\u00e9fi de la modernit\u00e9 (tribune)","footnotes":""},"categories":[73,82],"tags":[],"class_list":["post-149864","post","type-post","status-publish","format-standard","hentry","category-actualite","category-cameroun"],"_links":{"self":[{"href":"https:\/\/linitiative.ca\/International\/wp-json\/wp\/v2\/posts\/149864","targetHints":{"allow":["GET"]}}],"collection":[{"href":"https:\/\/linitiative.ca\/International\/wp-json\/wp\/v2\/posts"}],"about":[{"href":"https:\/\/linitiative.ca\/International\/wp-json\/wp\/v2\/types\/post"}],"author":[{"embeddable":true,"href":"https:\/\/linitiative.ca\/International\/wp-json\/wp\/v2\/users\/1965"}],"replies":[{"embeddable":true,"href":"https:\/\/linitiative.ca\/International\/wp-json\/wp\/v2\/comments?post=149864"}],"version-history":[{"count":0,"href":"https:\/\/linitiative.ca\/International\/wp-json\/wp\/v2\/posts\/149864\/revisions"}],"wp:attachment":[{"href":"https:\/\/linitiative.ca\/International\/wp-json\/wp\/v2\/media?parent=149864"}],"wp:term":[{"taxonomy":"category","embeddable":true,"href":"https:\/\/linitiative.ca\/International\/wp-json\/wp\/v2\/categories?post=149864"},{"taxonomy":"post_tag","embeddable":true,"href":"https:\/\/linitiative.ca\/International\/wp-json\/wp\/v2\/tags?post=149864"}],"curies":[{"name":"wp","href":"https:\/\/api.w.org\/{rel}","templated":true}]}}