{"id":149866,"date":"2022-06-10T05:37:54","date_gmt":"2022-06-10T09:37:54","guid":{"rendered":"https:\/\/linitiative.ca\/International\/le-parlement-cree-un-bureau-pour-lutter-contre-linsecurite-alimentaire-nestle-cameroun-comme-1ere-cible\/"},"modified":"2022-06-10T05:37:54","modified_gmt":"2022-06-10T09:37:54","slug":"le-parlement-cree-un-bureau-pour-lutter-contre-linsecurite-alimentaire-nestle-cameroun-comme-1ere-cible","status":"publish","type":"post","link":"https:\/\/linitiative.ca\/International\/le-parlement-cree-un-bureau-pour-lutter-contre-linsecurite-alimentaire-nestle-cameroun-comme-1ere-cible\/","title":{"rendered":"Le parlement cr\u00e9e un bureau pour lutter contre l\u2019ins\u00e9curit\u00e9 alimentaire; Nestl\u00e9 Cameroun comme 1\u00e8re cible\u00a0"},"content":{"rendered":"<div>\n<p>La question de la s\u00e9curit\u00e9 alimentaire pr\u00e9occupe au plus haut point les d\u00e9put\u00e9s et les s\u00e9nateurs. R\u00e9unis au sein de l\u2019Alliance parlementaire camerounaise pour la s\u00e9curit\u00e9 alimentaire et nutritionnelle, ces \u00e9lus du peuple entendent aider le gouvernement \u00e0 travers plusieurs initiatives sur le terrain. Avec la crise Russo-ukrainienne, les risques alimentaires se font de plus en plus ressentir dans certains pays du continent africain. A la fin des travaux du 08 juin 2022, dans une des salles du palais des Congr\u00e8s, les \u00e9lus ont mis en place un bureau pour contrer l\u2019ins\u00e9curit\u00e9. Parmi les actions \u00e0 venir, l\u2019alliance compte saisir la soci\u00e9t\u00e9 Nestl\u00e9 dans les prochains jours.<\/p>\n<p><strong>Lire aussi : <a href=\"https:\/\/ecomatin.net\/ce-quil-faut-retenir-de-la-session-parlementaire-de-mars-2022\/\">Ce qu\u2019il faut retenir de la session parlementaire de mars 2022<\/a><\/strong><\/p>\n<p>Pour l\u2019honorable Njume Ambang Peter, membre de l\u2019alliance\u00a0: \u00ab\u00a0Nous avons aussi la mission de voir toutes ces entreprises qui produisent ce qu\u2019on appelle le lait maternel artificiel. Certains font du bon travailLe\u00a0 alors que d\u2019autres ne respectent pas la loi. Nous irons voir Nestl\u00e9 pour l\u2019informer qu\u2019elle ne doit pas faire la publicit\u00e9 du lait maternel artificiel parce que nous voulons que les b\u00e9b\u00e9s prennent le lait maternel pour les 6 premiers mois\u00a0\u00bb. L\u2019activit\u00e9 sur le terrain s\u2019annonce intense avec les autres couches de la soci\u00e9t\u00e9. Dans son souci d\u2019avoir une alimentation de qualit\u00e9 et des populations en bonne sant\u00e9 pour le d\u00e9veloppement du Cameroun, des plaidoyers seront faits au niveau du minist\u00e8re de l\u2019Agriculture et du d\u00e9veloppement rural afin d\u2019appuyer financi\u00e8rement des agriculteurs\u2026 pour l\u2019am\u00e9lioration de leur production.<\/p>\n<p><strong>Lire aussi : <a href=\"https:\/\/ecomatin.net\/assemblee-nationale-le-bilan-de-la-session-parlementaire-de-juin-2021\/\">Assembl\u00e9e nationale : le bilan de la session parlementaire de juin 2021<\/a><\/strong><\/p>\n<p>Le but de l\u2019alliance selon, Pierre Flambeau Ngayap, membre du nouveau bureau,\u00a0\u00a0est d\u2019accompagner le gouvernement dans la lutte contre l\u2019ins\u00e9curit\u00e9 alimentaire. \u00ab\u00a0Il est important que les parlementaires luttent contre l\u2019ins\u00e9curit\u00e9 alimentaire. C\u2019est pour cette raison que nous avons d\u00e9cid\u00e9 de mettre nos efforts ensemble. Nous voulons aider le gouvernement \u00e0 prendre des initiatives afin de nous assurer que tous les camerounais se nourrissent bien, et soient en forme pour le d\u00e9veloppement du pays\u00a0\u00bb.\u00a0Le Secr\u00e9taire g\u00e9n\u00e9ral, Emah Etoundi Vincent de Paul,\u00a0va d\u2019ailleurs plus loin. Pour lui\u00a0: \u00ab\u00a0Les missions de l\u2019alliance, qui vient d\u2019\u00eatre cr\u00e9\u00e9e, vont largement au-del\u00e0 de la lutte contre la malnutrition. C\u2019est certes un \u00e9l\u00e9ment qui sera adress\u00e9 par l\u2019alliance mais elle vise \u00e0 lutter contre l\u2019ins\u00e9curit\u00e9 alimentaire en g\u00e9n\u00e9rale\u00a0\u00bb.<\/p>\n<p><strong>Lire aussi : <a href=\"https:\/\/ecomatin.net\/parlementt-4-projetss-de-loi-sur-la-table-des-deputes\/\">Session parlementaire de juin 2021 : 4 projets de loi sur la table des d\u00e9put\u00e9s<\/a><\/strong><\/p>\n<p>L\u2019article <a rel=\"nofollow\" href=\"https:\/\/ecomatin.net\/le-parlement-cree-un-bureau-pour-lutter-contre-linsecurite-alimentaire-nestle-cameroun-comme-1ere-cible\/\">Le parlement cr\u00e9e un bureau pour lutter contre l\u2019ins\u00e9curit\u00e9 alimentaire; Nestl\u00e9 Cameroun comme 1\u00e8re cible\u00a0<\/a> est apparu en premier sur <a rel=\"nofollow\" href=\"https:\/\/ecomatin.net\/\">EcoMatin<\/a>.<\/p>\n<\/div>\n<p>Auteur: EcoMatin<br \/>\n<a href=\"https:\/\/ecomatin.net\/le-parlement-cree-un-bureau-pour-lutter-contre-linsecurite-alimentaire-nestle-cameroun-comme-1ere-cible\/\">Cliquez ici pour lire l&rsquo;article depuis sa source.<\/a><\/p>\n","protected":false},"excerpt":{"rendered":"<p>La question de la s\u00e9curit\u00e9 alimentaire pr\u00e9occupe au plus haut point les d\u00e9put\u00e9s et les s\u00e9nateurs. R\u00e9unis au sein de l\u2019Alliance parlementaire camerounaise pour la s\u00e9curit\u00e9 alimentaire et nutritionnelle, ces \u00e9lus du peuple entendent aider le gouvernement \u00e0 travers plusieurs initiatives sur le terrain. Avec la crise Russo-ukrainienne, les risques alimentaires se font de plus [&hellip;]<\/p>\n","protected":false},"author":1969,"featured_media":0,"comment_status":"closed","ping_status":"closed","sticky":false,"template":"","format":"standard","meta":{"fifu_image_url":"","fifu_image_alt":"","footnotes":""},"categories":[82,78],"tags":[],"class_list":["post-149866","post","type-post","status-publish","format-standard","hentry","category-cameroun","category-economie"],"_links":{"self":[{"href":"https:\/\/linitiative.ca\/International\/wp-json\/wp\/v2\/posts\/149866","targetHints":{"allow":["GET"]}}],"collection":[{"href":"https:\/\/linitiative.ca\/International\/wp-json\/wp\/v2\/posts"}],"about":[{"href":"https:\/\/linitiative.ca\/International\/wp-json\/wp\/v2\/types\/post"}],"author":[{"embeddable":true,"href":"https:\/\/linitiative.ca\/International\/wp-json\/wp\/v2\/users\/1969"}],"replies":[{"embeddable":true,"href":"https:\/\/linitiative.ca\/International\/wp-json\/wp\/v2\/comments?post=149866"}],"version-history":[{"count":0,"href":"https:\/\/linitiative.ca\/International\/wp-json\/wp\/v2\/posts\/149866\/revisions"}],"wp:attachment":[{"href":"https:\/\/linitiative.ca\/International\/wp-json\/wp\/v2\/media?parent=149866"}],"wp:term":[{"taxonomy":"category","embeddable":true,"href":"https:\/\/linitiative.ca\/International\/wp-json\/wp\/v2\/categories?post=149866"},{"taxonomy":"post_tag","embeddable":true,"href":"https:\/\/linitiative.ca\/International\/wp-json\/wp\/v2\/tags?post=149866"}],"curies":[{"name":"wp","href":"https:\/\/api.w.org\/{rel}","templated":true}]}}