{"id":149867,"date":"2022-06-10T05:42:46","date_gmt":"2022-06-10T09:42:46","guid":{"rendered":"https:\/\/linitiative.ca\/International\/la-bdeac-va-financer-14-projets-dans-la-cemac-et-au-burundi-a-hauteur-de-161-86-milliards-de-fcfa\/"},"modified":"2022-06-10T05:42:46","modified_gmt":"2022-06-10T09:42:46","slug":"la-bdeac-va-financer-14-projets-dans-la-cemac-et-au-burundi-a-hauteur-de-161-86-milliards-de-fcfa","status":"publish","type":"post","link":"https:\/\/linitiative.ca\/International\/la-bdeac-va-financer-14-projets-dans-la-cemac-et-au-burundi-a-hauteur-de-161-86-milliards-de-fcfa\/","title":{"rendered":"La Bdeac va financer 14 projets dans la Cemac et au Burundi \u00e0 hauteur de 161. 86 milliards de Fcfa"},"content":{"rendered":"<div>\n<p>La Banque de d\u00e9veloppement des Etats de l\u2019Afrique centrale (Bdeac) a approuv\u00e9 14\u00a0propositions de financement pour un montant total de\u00a0161 milliards 867 millions de Fcfa. Ces fonds seront destin\u00e9s aux op\u00e9rateurs \u00e9conomiques des secteurs publics et priv\u00e9s des pays de la zone Cemac et du Burundi, dans les domaines cl\u00e9s que sont l\u2019\u00c9ducation, l\u2019Agriculture, le Transport, le Tourisme, les Finances et les Mines. C\u2019est ce qui ressort de la deuxi\u00e8me session du Conseil d\u2019Administration de la Bdeac pr\u00e9sid\u00e9e par la ministre de l\u2019Economie et de la Relance du Gabon et pr\u00e9sidente en exercice de l\u2019institution bancaire sous r\u00e9gionale, Jeanine Lydie Roboty Epse. Mbou.<\/p>\n<p><strong>Lire aussi : <a href=\"https:\/\/ecomatin.net\/les-financements-de-la-bdeac-en-faveur-du-cameroun-n-selevent-a-360-milliards-en-trois-mois\/\">Les financements de la Bdeac en faveur du Cameroun\u00a0s\u2019\u00e9l\u00e8vent \u00e0 360 milliards en trois mois<\/a><\/strong><\/p>\n<p>Ces engagements s\u2019inscrivent en droite ligne avec les r\u00e9solutions prises en 2019 et sont une manifestation de la volont\u00e9 de la Banque \u00e0 r\u00e9pondre aux attentes des pays de la Communaut\u00e9 \u00e9conomique des Etats de l\u2019Afrique centrale (Ceeac) qui regroupe d\u00e9sormais,\u00a0l\u2019Angola, le Burundi, le Cameroun, la Centrafrique, le Congo, le Gabon, la Guin\u00e9e Equatoriale, la R\u00e9publique D\u00e9mocratique du Congo(Rdc), Sao Tom\u00e9 et Principe et le Tchad.\u00a0Selon la Cellule Communication &amp; Marketing Bdeac, la premi\u00e8re fois que la Banque accordera des financements \u00e0 un actionnaire non membre de la Cemac \u00e0 l\u2019instar de la R\u00e9publique de Burundi.<\/p>\n<p><strong>Lire aussi<\/strong> : <strong><a href=\"https:\/\/ecomatin.net\/presidence-de-la-bdeac-au-dela-de-la-polemique-les-s-vraies-questions\/\">Pr\u00e9sidence de la Bdeac\u00a0:\u00a0au-del\u00e0 de la pol\u00e9mique, les vraies questions<\/a><\/strong><\/p>\n<p>\u00a0Occasion a \u00e9galement \u00e9t\u00e9 donn\u00e9e \u00e0 l\u2019Ag de dresser les comptes clos et le Rapport annuel d\u2019activit\u00e9s de l\u2019exercice 2021. De ce fait, satisfecit a \u00e9t\u00e9 exprim\u00e9 au regard des r\u00e9sultats positifs enregistr\u00e9s au terme du dernier quinquennat. Par exemple, en 2021, \u00ab\u00a0les comptes clos de l\u2019exercice 2021 de la banque font ressortir un PNB qui s\u2019\u00e9l\u00e8ve \u00e0 FCFA 22 690 millions contre FCFA 18 739 millions un an plus t\u00f4t ; soit une croissance de 21,1 %\u00a0\u00bb, indique la Bdeac. De plus, apprend-t-on de la m\u00eame source, en 2021, les op\u00e9rateurs \u00e9conomiques publics et priv\u00e9s ont b\u00e9n\u00e9fici\u00e9 d\u2019un montant de 163 650 millions de Fcfa. Ce qui leur a permis d\u2019impacter positivement l\u2019\u00e9conomie de la sous-r\u00e9gion Afrique centrale en cr\u00e9ant de nombreux emplois.<\/p>\n<p><strong>Lire aussi : <a href=\"https:\/\/ecomatin.net\/le-camerounais-dieudonne-evou-mekou-nomme-president-de-la-bdeac\/\">Le Camerounais Dieudonn\u00e9 Evou Mekou nomm\u00e9 Pr\u00e9sident de la BDEAC<\/a><\/strong><\/p>\n<p>Il y a \u00e9galement lieu de relever que les administrateurs se sont f\u00e9licit\u00e9s du r\u00e9sultat net de l\u2019exercice 2021 qui s\u2019\u00e9l\u00e8ve \u00e0 8 779 millions soit le double de l\u2019exercice 2020. Avec une mobilisation 156 972 millions de Fcfa dans la zone Cemac et aupr\u00e8s de ses partenaires internationaux, la Bdeac a conclu l\u2019entr\u00e9e dans son capital social de deux nouveaux actionnaires. La R\u00e9publique du Burundi et Afreximbank en sont l\u2019illustration. Malgr\u00e9 les affres de la Covid-19, la Banque a obtenu un r\u00e9sultat net de 8 779 millions de Fcfa au cours de l\u2019ann\u00e9e pr\u00e9c\u00e9dente.<\/p>\n<p>L\u2019article <a rel=\"nofollow\" href=\"https:\/\/ecomatin.net\/la-bdeac-va-financer-14-projets-dans-la-cemac-et-au-burundi-a-hauteur-de-161-86-milliards-de-fcfa\/\">La Bdeac va financer 14 projets dans la Cemac et au Burundi \u00e0 hauteur de 161. 86 milliards de Fcfa<\/a> est apparu en premier sur <a rel=\"nofollow\" href=\"https:\/\/ecomatin.net\/\">EcoMatin<\/a>.<\/p>\n<\/div>\n<p>Auteur: EcoMatin<br \/>\n<a href=\"https:\/\/ecomatin.net\/la-bdeac-va-financer-14-projets-dans-la-cemac-et-au-burundi-a-hauteur-de-161-86-milliards-de-fcfa\/\">Cliquez ici pour lire l&rsquo;article depuis sa source.<\/a><\/p>\n","protected":false},"excerpt":{"rendered":"<p>La Banque de d\u00e9veloppement des Etats de l\u2019Afrique centrale (Bdeac) a approuv\u00e9 14\u00a0propositions de financement pour un montant total de\u00a0161 milliards 867 millions de Fcfa. Ces fonds seront destin\u00e9s aux op\u00e9rateurs \u00e9conomiques des secteurs publics et priv\u00e9s des pays de la zone Cemac et du Burundi, dans les domaines cl\u00e9s que sont l\u2019\u00c9ducation, l\u2019Agriculture, le [&hellip;]<\/p>\n","protected":false},"author":1969,"featured_media":0,"comment_status":"closed","ping_status":"closed","sticky":false,"template":"","format":"standard","meta":{"fifu_image_url":"","fifu_image_alt":"","footnotes":""},"categories":[82,78],"tags":[],"class_list":["post-149867","post","type-post","status-publish","format-standard","hentry","category-cameroun","category-economie"],"_links":{"self":[{"href":"https:\/\/linitiative.ca\/International\/wp-json\/wp\/v2\/posts\/149867","targetHints":{"allow":["GET"]}}],"collection":[{"href":"https:\/\/linitiative.ca\/International\/wp-json\/wp\/v2\/posts"}],"about":[{"href":"https:\/\/linitiative.ca\/International\/wp-json\/wp\/v2\/types\/post"}],"author":[{"embeddable":true,"href":"https:\/\/linitiative.ca\/International\/wp-json\/wp\/v2\/users\/1969"}],"replies":[{"embeddable":true,"href":"https:\/\/linitiative.ca\/International\/wp-json\/wp\/v2\/comments?post=149867"}],"version-history":[{"count":0,"href":"https:\/\/linitiative.ca\/International\/wp-json\/wp\/v2\/posts\/149867\/revisions"}],"wp:attachment":[{"href":"https:\/\/linitiative.ca\/International\/wp-json\/wp\/v2\/media?parent=149867"}],"wp:term":[{"taxonomy":"category","embeddable":true,"href":"https:\/\/linitiative.ca\/International\/wp-json\/wp\/v2\/categories?post=149867"},{"taxonomy":"post_tag","embeddable":true,"href":"https:\/\/linitiative.ca\/International\/wp-json\/wp\/v2\/tags?post=149867"}],"curies":[{"name":"wp","href":"https:\/\/api.w.org\/{rel}","templated":true}]}}