{"id":149868,"date":"2022-06-10T12:32:51","date_gmt":"2022-06-10T16:32:51","guid":{"rendered":"https:\/\/linitiative.ca\/International\/mohamed-sadiki-lance-des-projets-de-developpement-agricole-a-el-jadida\/"},"modified":"2022-06-10T12:32:51","modified_gmt":"2022-06-10T16:32:51","slug":"mohamed-sadiki-lance-des-projets-de-developpement-agricole-a-el-jadida","status":"publish","type":"post","link":"https:\/\/linitiative.ca\/International\/mohamed-sadiki-lance-des-projets-de-developpement-agricole-a-el-jadida\/","title":{"rendered":"Mohamed Sadiki lance des projets de d\u00e9veloppement agricole \u00e0 El\u00a0Jadida"},"content":{"rendered":"<div>\n<p><img decoding=\"async\" width=\"300\" height=\"153\" src=\"https:\/\/linitiative.ca\/International\/wp-content\/uploads\/sites\/23\/2022\/06\/Mohamed-Sadiki-lance-des-projets-de-developpement-agricole-a-El-Jadida-1-300x153-1.png\" class=\"attachment-medium size-medium wp-post-image\" alt=\"\" loading=\"lazy\" srcset=\"https:\/\/linitiative.ca\/International\/wp-content\/uploads\/sites\/23\/2022\/06\/Mohamed-Sadiki-lance-des-projets-de-developpement-agricole-a-El-Jadida-1-300x153-1.png 300w, https:\/\/aujourdhui.ma\/wp-content\/uploads\/2022\/06\/Mohamed-Sadiki-lance-des-projets-de-developpement-agricole-a-El-Jadida-1-274x140.png 274w, https:\/\/aujourdhui.ma\/wp-content\/uploads\/2022\/06\/Mohamed-Sadiki-lance-des-projets-de-developpement-agricole-a-El-Jadida-1-746x380.png 746w, https:\/\/aujourdhui.ma\/wp-content\/uploads\/2022\/06\/Mohamed-Sadiki-lance-des-projets-de-developpement-agricole-a-El-Jadida-1-165x84.png 165w, https:\/\/aujourdhui.ma\/wp-content\/uploads\/2022\/06\/Mohamed-Sadiki-lance-des-projets-de-developpement-agricole-a-El-Jadida-1-702x358.png 702w, https:\/\/aujourdhui.ma\/wp-content\/uploads\/2022\/06\/Mohamed-Sadiki-lance-des-projets-de-developpement-agricole-a-El-Jadida-1.png 745w\" sizes=\"auto, (max-width: 300px) 100vw, 300px\"><\/p>\n<p><strong>Le d\u00e9veloppement agricole s\u2019acc\u00e9l\u00e8re davantage dans la province d\u2019El Jadida. Dans ce sens, le Ministre de l\u2019Agriculture, de la P\u00eache Maritime, du D\u00e9veloppement Rural et des Eaux et For\u00eats, M. Mohammed Sadiki, a effectu\u00e9 ce vendredi 10 juin 2022, une visite de terrain au niveau de la province d\u2019El Jadida, consacr\u00e9e au lancement et visite de plusieurs projets de d\u00e9veloppement agricole. Il \u00e9tait accompagn\u00e9 du\u00a0Gouverneur de la province d\u2019El Jadida,\u00a0du Pr\u00e9sident du Conseil Provincial d\u2019El Jadida, du Pr\u00e9sident de la chambre r\u00e9gionale d\u2019agriculture,\u00a0des professionnels, des \u00e9lus et d\u2019une importante d\u00e9l\u00e9gation de hauts responsables du Minist\u00e8re.<\/strong><span id=\"more-410366\"><\/span><\/p>\n<p>La visite a port\u00e9 sur\u00a0le suivi de l\u2019avancement du chantier du march\u00e9 de gros d\u2019El Jadida, la visite d\u2019un abattoir moderne de viandes rouges, du centre de production des semences pastorales, de la plateforme de multiplication de cactus r\u00e9sistant \u00e0 la cochenille et lancement de la plantation \u00e0 grande \u00e9chelle de cactus r\u00e9sistant \u00e0 la cochenille.<\/p>\n<p><strong>March\u00e9 de gros de nouvelle g\u00e9n\u00e9ration d\u2019El Jadida\u00a0<\/strong><\/p>\n<p>Au niveau de la commune rurale Moulay Abdellah, le Ministre a visit\u00e9 le chantier du march\u00e9 de gros de nouvelle g\u00e9n\u00e9ration d\u2019El Jadida. Install\u00e9 sur une superficie de pr\u00e8s de 12,5 ha pour un co\u00fbt global de pr\u00e8s de 60 millions de dirhams, les travaux sont \u00e0 97% de r\u00e9alisation. Cet important projet permettra, via son infrastructure modernis\u00e9e et de dimensionnement ad\u00e9quat, l\u2019organisation de l\u2019espace de commercialisation des produits agricoles (l\u00e9gumes et fruits) au profit de milliers d\u2019agriculteurs\u00a0au niveau de la r\u00e9gion ainsi que l\u2019am\u00e9lioration des conditions de commercialisation et de distribution des produits.<\/p>\n<p>Ce march\u00e9 s\u2019inscrit dans le cadre du sch\u00e9ma national de r\u00e9forme des march\u00e9s de gros des fruits et l\u00e9gumes pr\u00e9vu au niveau de la strat\u00e9gie G\u00e9n\u00e9ration Green 2020-2030 qui vise la mise en place d\u2019un sch\u00e9ma d\u2019implantation optimis\u00e9\u00a0afin de structurer et moderniser les circuits de distribution pour maximiser la valeur capt\u00e9e par les agriculteurs et am\u00e9liorer la qualit\u00e9 des produits vendus aux consommateurs finaux.<\/p>\n<div class=\"mom_images_grid mom_images_3_cols\">\n<ul class=\"galleryslider\">\n<li class=\"first\"><a href=\"https:\/\/aujourdhui.ma\/wp-content\/uploads\/2022\/06\/Mohamed-Sadiki-lance-des-projets-de-developpement-agricole-a-El-Jadida-7.png\" data-title=\"\" title=\"Mohamed Sadiki lance des projets de d\u00e9veloppement agricole \u00e0 El\u00a0Jadida 7\"><img decoding=\"async\" alt=\"Mohamed Sadiki lance des projets de d\u00e9veloppement agricole \u00e0 El\u00a0Jadida 7\" src=\"https:\/\/linitiative.ca\/International\/wp-content\/uploads\/sites\/23\/2022\/06\/Mohamed-Sadiki-lance-des-projets-de-developpement-agricole-a-El-Jadida-7-746x380-1.png\"><\/a><\/li>\n<li class=\"\"><a href=\"https:\/\/aujourdhui.ma\/wp-content\/uploads\/2022\/06\/Mohamed-Sadiki-lance-des-projets-de-developpement-agricole-a-El-Jadida-6.png\" data-title=\"\" title=\"Mohamed Sadiki lance des projets de d\u00e9veloppement agricole \u00e0 El\u00a0Jadida 6\"><img decoding=\"async\" alt=\"Mohamed Sadiki lance des projets de d\u00e9veloppement agricole \u00e0 El\u00a0Jadida 6\" src=\"https:\/\/linitiative.ca\/International\/wp-content\/uploads\/sites\/23\/2022\/06\/Mohamed-Sadiki-lance-des-projets-de-developpement-agricole-a-El-Jadida-6-746x380-1.png\"><\/a><\/li>\n<li class=\"last\"><a href=\"https:\/\/aujourdhui.ma\/wp-content\/uploads\/2022\/06\/Mohamed-Sadiki-lance-des-projets-de-developpement-agricole-a-El-Jadida-5.png\" data-title=\"\" title=\"Mohamed Sadiki lance des projets de d\u00e9veloppement agricole \u00e0 El\u00a0Jadida 5\"><img decoding=\"async\" alt=\"Mohamed Sadiki lance des projets de d\u00e9veloppement agricole \u00e0 El\u00a0Jadida 5\" src=\"https:\/\/linitiative.ca\/International\/wp-content\/uploads\/sites\/23\/2022\/06\/Mohamed-Sadiki-lance-des-projets-de-developpement-agricole-a-El-Jadida-5-746x380-1.png\"><\/a><\/li>\n<li class=\"first\"><a href=\"https:\/\/aujourdhui.ma\/wp-content\/uploads\/2022\/06\/Mohamed-Sadiki-lance-des-projets-de-developpement-agricole-a-El-Jadida-4.png\" data-title=\"\" title=\"Mohamed Sadiki lance des projets de d\u00e9veloppement agricole \u00e0 El\u00a0Jadida 4\"><img decoding=\"async\" alt=\"Mohamed Sadiki lance des projets de d\u00e9veloppement agricole \u00e0 El\u00a0Jadida 4\" src=\"https:\/\/linitiative.ca\/International\/wp-content\/uploads\/sites\/23\/2022\/06\/Mohamed-Sadiki-lance-des-projets-de-developpement-agricole-a-El-Jadida-4-746x380-1.png\"><\/a><\/li>\n<li class=\"\"><a href=\"https:\/\/aujourdhui.ma\/wp-content\/uploads\/2022\/06\/Mohamed-Sadiki-lance-des-projets-de-developpement-agricole-a-El-Jadida-3.png\" data-title=\"\" title=\"Mohamed Sadiki lance des projets de d\u00e9veloppement agricole \u00e0 El\u00a0Jadida 3\"><img decoding=\"async\" alt=\"Mohamed Sadiki lance des projets de d\u00e9veloppement agricole \u00e0 El\u00a0Jadida 3\" src=\"https:\/\/linitiative.ca\/International\/wp-content\/uploads\/sites\/23\/2022\/06\/Mohamed-Sadiki-lance-des-projets-de-developpement-agricole-a-El-Jadida-3-746x380-1.png\"><\/a><\/li>\n<li class=\"last\"><a href=\"https:\/\/aujourdhui.ma\/wp-content\/uploads\/2022\/06\/Mohamed-Sadiki-lance-des-projets-de-developpement-agricole-a-El-Jadida-2.png\" data-title=\"\" title=\"Mohamed Sadiki lance des projets de d\u00e9veloppement agricole \u00e0 El\u00a0Jadida 2\"><img decoding=\"async\" alt=\"Mohamed Sadiki lance des projets de d\u00e9veloppement agricole \u00e0 El\u00a0Jadida 2\" src=\"https:\/\/linitiative.ca\/International\/wp-content\/uploads\/sites\/23\/2022\/06\/Mohamed-Sadiki-lance-des-projets-de-developpement-agricole-a-El-Jadida-2-746x380-1.png\"><\/a><\/li>\n<\/ul>\n<\/div>\n<p><strong>Abattoir moderne des viandes rouges et projet d\u2019agr\u00e9gation autour de l\u2019abattoir<\/strong><\/p>\n<p>Au niveau de la commune de Zouiat Sais, le Ministre a pris connaissance du Plan Agricole R\u00e9gional \u00ab\u00a0G\u00e9n\u00e9ration Green 2020-2030\u00a0\u00bb en mati\u00e8re de production animale et du portefeuille des projets d\u2019agr\u00e9gation des viandes rouges.<\/p>\n<p>Dans ce cadre, il a visit\u00e9 un abattoir moderne de viandes rouges. D\u2019un montant d\u2019investissement de 120 millions de dirhams, avec une contribution de l\u2019Etat \u00e0 hauteur de 15% dans le cadre du Fonds de D\u00e9veloppement Agricole (FDA), ce projet profira \u00e0 terme \u00e0 100 b\u00e9n\u00e9ficiaires dans le cadre du projet d\u2019agr\u00e9gation.<\/p>\n<p>Sur une superficie de pr\u00e8s de 20 ha dont 3.700 m<sup>2<\/sup>\u00a0construite, l\u2019abattoir offre une capacit\u00e9 d\u2019abattage de\u00a017.500 tonnes de viandes rouges bovines et 5.600 tonnes de viandes rouges ovines. Le projet inclut des \u00e9tables pour l\u2019engraissement des veaux, un abattoirmoderne, un frigo et une station de traitement des d\u00e9chets.<\/p>\n<p>Fonctionnel depuis 2018, ce projet important a permis d\u2019organiser les op\u00e9rations d\u2019abattage et de commercialisation, d\u2019am\u00e9liorer la qualit\u00e9 de la viande et les conditions d\u2019hygi\u00e8ne, de pr\u00e9server l\u2019environnement et de cr\u00e9er 100 postes d\u2019emploi permanents.<\/p>\n<p>Le Ministre a pris connaissance du projet d\u2019agr\u00e9gation des viandes rouges bovines, ovines et caprines autour de cet abattoirmoderne. Approuv\u00e9 en avril 2022, ce projet d\u2019agr\u00e9gation vise l\u2019agr\u00e9gation de 100 agr\u00e9g\u00e9s avec 6000 t\u00eates\u00a0de cheptel, l\u2019encadrement technique des agr\u00e9g\u00e9s, le financement partiel du cycle d\u2019exploitation de l\u2019\u00e9levage pour les composantes \u00ab\u00a0animaux\u00a0\u00bb et\/ou \u00ab\u00a0aliment\u00a0\u00bb conform\u00e9ment au contrat d\u2019agr\u00e9gation et l\u2019assurance de la commercialisation de la production pour les agr\u00e9g\u00e9s.<\/p>\n<p>Pour rappel, la r\u00e9gion de Casablanca-Settat contribue \u00e0 hauteur de 18% dans la production nationale en viandes rouges avec une production de 80.500 tonnes\/an. La r\u00e9gion dispose 68 abattoirs de viandes rouges d\u2019une capacit\u00e9 globale de 72.000 tonnes\/an et 13 unit\u00e9s de transformation d\u2019une capacit\u00e9 de 6.000 tonnes\/an.<\/p>\n<p>Le portefeuille des projets d\u2019agr\u00e9gation des viandes rouges programm\u00e9 dans le cadre de la strat\u00e9gie G\u00e9n\u00e9ration Green au niveau de la R\u00e9gion Casablanca-Settat est compos\u00e9 de 04 projets (25%) pour 1.090 agr\u00e9g\u00e9s, 12.500 t\u00eates et un montant d\u2019investissement de 237,4 millions de dirhams.<\/p>\n<p><strong>Lancement de la plantation \u00e0 grande \u00e9chelle de vari\u00e9t\u00e9s de cactus r\u00e9sistantes \u00e0 la cochenille<\/strong><\/p>\n<p>Dans la commune de Kh\u00e9mis Mettouh, le Ministre a lanc\u00e9 la plantation \u00e0 grande \u00e9chelle de vari\u00e9t\u00e9s de cactus r\u00e9sistantes \u00e0 la cochenille \u00e0 partir d\u2019une parcelle de 0,6 ha relevant de la zone d\u2019action de l\u2019Office R\u00e9gional de Mise en Valeur Agricole de Doukkala (ORMVAD). Il s\u2019agit de\u00a03 vari\u00e9t\u00e9s de cactus parmi 8 vari\u00e9t\u00e9s s\u00e9lectionn\u00e9es et multipli\u00e9es.\u00a0L\u2019objectif est d\u2019assurer l\u2019intensification des vari\u00e9t\u00e9s de cactus r\u00e9sistantes \u00e0 la cochenille et le renouvellement du cactus attaqu\u00e9 par la cochenille.<\/p>\n<p><strong>Centre de production des semences pastorales<\/strong><\/p>\n<p>Au niveau de la m\u00eame commune, le Ministre a pris connaissance de l\u2019activit\u00e9 du Centre de production des semences pastorales, dont l\u2019activit\u00e9 consiste en la\u00a0production et la multiplication de semences de base d\u2019esp\u00e8ces pastorales et la multiplication de plants et de semences d\u2019arbustes fourragers.<\/p>\n<p>Cr\u00e9\u00e9 en 1982, le centre s\u2019\u00e9tend sur une superficie de 80 ha compos\u00e9e de 20 ha irrigu\u00e9s par les eaux superficielles, 20 ha irrigu\u00e9s par les eaux souterraines et 20 ha bour. Le centre dispose d\u2019une capacit\u00e9 de production importante\u00a0\u00e0 travers l\u2019am\u00e9lioration de 5.000 ha\/an de parcours d\u00e9grad\u00e9es, l\u2019ensemencement de 3.000 ha\/an\u00a0et la plantation de 2.000 ha\/an d\u2019arbustes.<\/p>\n<p>Dans le cadre de la nouvelle strat\u00e9gie G\u00e9n\u00e9ration Green 2020-2030, le centre pr\u00e9voit d\u2019augmenter la production pour ensemencer 10.000 ha\/an et de piloter les actions de cr\u00e9ation des r\u00e9serves semenci\u00e8res\u00a0et la pr\u00e9servation du patrimoine pastoral.<\/p>\n<p><strong>Plateforme de multiplication de cactus r\u00e9sistant \u00e0 la cochenille<\/strong><\/p>\n<p>Au niveau du m\u00eame site, le Ministre a pris connaissance du programme de s\u00e9lection des vari\u00e9t\u00e9s de cactus r\u00e9sistant \u00e0 la cochenille sur la base de vari\u00e9t\u00e9s s\u00e9lectionn\u00e9es et pr\u00e9lev\u00e9es de la collection nationale.<\/p>\n<p>Il a visit\u00e9 la plateforme de multiplication de cactus r\u00e9sistant \u00e0 la cochenille. Cr\u00e9\u00e9e en 2019, cette plateforme de 27 ha consiste en la plantation et le suivi de 8 vari\u00e9t\u00e9s r\u00e9sistantes \u00e0 la cochenille mises au point sur la base de 249 vari\u00e9t\u00e9s s\u00e9lectionn\u00e9es et pr\u00e9lev\u00e9es de la collection nationale de cactus, \u00e0 savoir MARJANA, BELARA, KARAMA, GHALIA, ANGAD, CHERRATIA, MELK ZHAR et AAKRIA. Cette plateforme produit 26.269 plants avec une intensification de 1.110 plants\/ha.<\/p>\n<p>L\u2019objectif de la plateforme\u00a0consiste en la multiplication de vari\u00e9t\u00e9s de cactus r\u00e9sistantes \u00e0 la cochenille, l\u2019intensification de la production des raquelettes de cactus r\u00e9sistant \u00e0 la cochenille, la production des plants pour accompagner le programme du Minist\u00e8re et le renouvellement de la plantation dans les zones touch\u00e9es par la cochenille.<\/p>\n<p>Plus de 70.789 raquelettes produites au niveau de cette plateforme ont \u00e9t\u00e9 plant\u00e9es dans la province de Rhamna et il est pr\u00e9vu la production de 650.000 plants de cactus r\u00e9sistant en novembre 2022, 1.400.000 plants en ao\u00fbt 2023 et 1.800.000 plants en ao\u00fbt 2024. Cette production devrait \u00e0 terme satisfaire le besoin en plants de cactus r\u00e9sistant \u00e0 la cochenille.<\/p>\n<p>\u00a0<\/p>\n<\/div>\n<p>Auteur: ALM<br \/>\n<a href=\"https:\/\/aujourdhui.ma\/actualite\/mohamed-sadiki-lance-des-projets-de-developpement-agricole-a-el-jadida\">Cliquez ici pour lire l&rsquo;article depuis sa source.<\/a><\/p>\n","protected":false},"excerpt":{"rendered":"<p>Le d\u00e9veloppement agricole s\u2019acc\u00e9l\u00e8re davantage dans la province d\u2019El Jadida. Dans ce sens, le Ministre de l\u2019Agriculture, de la P\u00eache Maritime, du D\u00e9veloppement Rural et des Eaux et For\u00eats, M. Mohammed Sadiki, a effectu\u00e9 ce vendredi 10 juin 2022, une visite de terrain au niveau de la province d\u2019El Jadida, consacr\u00e9e au lancement et visite [&hellip;]<\/p>\n","protected":false},"author":1759,"featured_media":0,"comment_status":"closed","ping_status":"closed","sticky":false,"template":"","format":"standard","meta":{"fifu_image_url":"https:\/\/aujourdhui.ma\/wp-content\/uploads\/2022\/06\/Mohamed-Sadiki-lance-des-projets-de-developpement-agricole-a-El-Jadida-1-300x153.png","fifu_image_alt":"Mohamed Sadiki lance des projets de d\u00e9veloppement agricole \u00e0 El\u00a0Jadida","footnotes":""},"categories":[73,54],"tags":[],"class_list":["post-149868","post","type-post","status-publish","format-standard","hentry","category-actualite","category-maroc"],"_links":{"self":[{"href":"https:\/\/linitiative.ca\/International\/wp-json\/wp\/v2\/posts\/149868","targetHints":{"allow":["GET"]}}],"collection":[{"href":"https:\/\/linitiative.ca\/International\/wp-json\/wp\/v2\/posts"}],"about":[{"href":"https:\/\/linitiative.ca\/International\/wp-json\/wp\/v2\/types\/post"}],"author":[{"embeddable":true,"href":"https:\/\/linitiative.ca\/International\/wp-json\/wp\/v2\/users\/1759"}],"replies":[{"embeddable":true,"href":"https:\/\/linitiative.ca\/International\/wp-json\/wp\/v2\/comments?post=149868"}],"version-history":[{"count":0,"href":"https:\/\/linitiative.ca\/International\/wp-json\/wp\/v2\/posts\/149868\/revisions"}],"wp:attachment":[{"href":"https:\/\/linitiative.ca\/International\/wp-json\/wp\/v2\/media?parent=149868"}],"wp:term":[{"taxonomy":"category","embeddable":true,"href":"https:\/\/linitiative.ca\/International\/wp-json\/wp\/v2\/categories?post=149868"},{"taxonomy":"post_tag","embeddable":true,"href":"https:\/\/linitiative.ca\/International\/wp-json\/wp\/v2\/tags?post=149868"}],"curies":[{"name":"wp","href":"https:\/\/api.w.org\/{rel}","templated":true}]}}