{"id":149897,"date":"2022-06-10T15:49:00","date_gmt":"2022-06-10T19:49:00","guid":{"rendered":"https:\/\/linitiative.ca\/International\/mehdi-zeffane-proche-de-rejoindre-un-club-de-ligue-1-francaise\/"},"modified":"2022-06-10T15:49:00","modified_gmt":"2022-06-10T19:49:00","slug":"mehdi-zeffane-proche-de-rejoindre-un-club-de-ligue-1-francaise","status":"publish","type":"post","link":"https:\/\/linitiative.ca\/International\/mehdi-zeffane-proche-de-rejoindre-un-club-de-ligue-1-francaise\/","title":{"rendered":"Mehdi Zeffane proche de rejoindre un club de Ligue 1 fran\u00e7aise"},"content":{"rendered":"<div>Avec le d\u00e9part d&rsquo;Akim Zedadka \u00e0 Lille, le Clermont Foot 63 est \u00e0 la recherche d&rsquo;un nouveau lat\u00e9ral droit pour sa deuxi\u00e8me saison en Ligue 1 fran\u00e7aise<\/div>\n<p>Auteur:<br \/>\n<a href=\"https:\/\/www.lebuteur.com\/article\/detail?titre=mehdi-zeffane-proche-de-rejoindre-un-club-de-ligue-1-francaise&#038;id=102996\">Cliquez ici pour lire l&rsquo;article depuis sa source.<\/a><\/p>\n","protected":false},"excerpt":{"rendered":"<p>Avec le d\u00e9part d&rsquo;Akim Zedadka \u00e0 Lille, le Clermont Foot 63 est \u00e0 la recherche d&rsquo;un nouveau lat\u00e9ral droit pour sa deuxi\u00e8me saison en Ligue 1 fran\u00e7aise Auteur: Cliquez ici pour lire l&rsquo;article depuis sa source.<\/p>\n","protected":false},"author":1738,"featured_media":0,"comment_status":"closed","ping_status":"closed","sticky":false,"template":"","format":"standard","meta":{"fifu_image_url":"","fifu_image_alt":"","footnotes":""},"categories":[53,75],"tags":[],"class_list":["post-149897","post","type-post","status-publish","format-standard","hentry","category-algerie","category-sport"],"_links":{"self":[{"href":"https:\/\/linitiative.ca\/International\/wp-json\/wp\/v2\/posts\/149897","targetHints":{"allow":["GET"]}}],"collection":[{"href":"https:\/\/linitiative.ca\/International\/wp-json\/wp\/v2\/posts"}],"about":[{"href":"https:\/\/linitiative.ca\/International\/wp-json\/wp\/v2\/types\/post"}],"author":[{"embeddable":true,"href":"https:\/\/linitiative.ca\/International\/wp-json\/wp\/v2\/users\/1738"}],"replies":[{"embeddable":true,"href":"https:\/\/linitiative.ca\/International\/wp-json\/wp\/v2\/comments?post=149897"}],"version-history":[{"count":0,"href":"https:\/\/linitiative.ca\/International\/wp-json\/wp\/v2\/posts\/149897\/revisions"}],"wp:attachment":[{"href":"https:\/\/linitiative.ca\/International\/wp-json\/wp\/v2\/media?parent=149897"}],"wp:term":[{"taxonomy":"category","embeddable":true,"href":"https:\/\/linitiative.ca\/International\/wp-json\/wp\/v2\/categories?post=149897"},{"taxonomy":"post_tag","embeddable":true,"href":"https:\/\/linitiative.ca\/International\/wp-json\/wp\/v2\/tags?post=149897"}],"curies":[{"name":"wp","href":"https:\/\/api.w.org\/{rel}","templated":true}]}}