{"id":149900,"date":"2022-06-11T06:34:00","date_gmt":"2022-06-11T10:34:00","guid":{"rendered":"https:\/\/linitiative.ca\/International\/liverpool-salah-dement-les-rumeurs-sur-sa-relation-avec-sadio-mane\/"},"modified":"2022-06-11T06:34:00","modified_gmt":"2022-06-11T10:34:00","slug":"liverpool-salah-dement-les-rumeurs-sur-sa-relation-avec-sadio-mane","status":"publish","type":"post","link":"https:\/\/linitiative.ca\/International\/liverpool-salah-dement-les-rumeurs-sur-sa-relation-avec-sadio-mane\/","title":{"rendered":"Liverpool : Salah d\u00e9ment les rumeurs sur sa relation avec Sadio Man\u00e9"},"content":{"rendered":"<div>M\u00eame si Mohamed Salah a r\u00e9alis\u00e9 une tr\u00e8s bonne saison du point de vue des statistiques, mais pas forc\u00e9ment \u00e0 la hauteur de ses esp\u00e9rances collectivement&#8230;<\/div>\n<p>Auteur:<br \/>\n<a href=\"https:\/\/www.lebuteur.com\/article\/detail?titre=liverpool-salah-dement-les-rumeurs-sur-sa-relation-avec-sadio-mane&#038;id=102999\">Cliquez ici pour lire l&rsquo;article depuis sa source.<\/a><\/p>\n","protected":false},"excerpt":{"rendered":"<p>M\u00eame si Mohamed Salah a r\u00e9alis\u00e9 une tr\u00e8s bonne saison du point de vue des statistiques, mais pas forc\u00e9ment \u00e0 la hauteur de ses esp\u00e9rances collectivement&#8230; Auteur: Cliquez ici pour lire l&rsquo;article depuis sa source.<\/p>\n","protected":false},"author":1738,"featured_media":0,"comment_status":"closed","ping_status":"closed","sticky":false,"template":"","format":"standard","meta":{"fifu_image_url":"","fifu_image_alt":"","footnotes":""},"categories":[53,75],"tags":[],"class_list":["post-149900","post","type-post","status-publish","format-standard","hentry","category-algerie","category-sport"],"_links":{"self":[{"href":"https:\/\/linitiative.ca\/International\/wp-json\/wp\/v2\/posts\/149900","targetHints":{"allow":["GET"]}}],"collection":[{"href":"https:\/\/linitiative.ca\/International\/wp-json\/wp\/v2\/posts"}],"about":[{"href":"https:\/\/linitiative.ca\/International\/wp-json\/wp\/v2\/types\/post"}],"author":[{"embeddable":true,"href":"https:\/\/linitiative.ca\/International\/wp-json\/wp\/v2\/users\/1738"}],"replies":[{"embeddable":true,"href":"https:\/\/linitiative.ca\/International\/wp-json\/wp\/v2\/comments?post=149900"}],"version-history":[{"count":0,"href":"https:\/\/linitiative.ca\/International\/wp-json\/wp\/v2\/posts\/149900\/revisions"}],"wp:attachment":[{"href":"https:\/\/linitiative.ca\/International\/wp-json\/wp\/v2\/media?parent=149900"}],"wp:term":[{"taxonomy":"category","embeddable":true,"href":"https:\/\/linitiative.ca\/International\/wp-json\/wp\/v2\/categories?post=149900"},{"taxonomy":"post_tag","embeddable":true,"href":"https:\/\/linitiative.ca\/International\/wp-json\/wp\/v2\/tags?post=149900"}],"curies":[{"name":"wp","href":"https:\/\/api.w.org\/{rel}","templated":true}]}}