{"id":149908,"date":"2022-06-11T06:28:13","date_gmt":"2022-06-11T10:28:13","guid":{"rendered":"https:\/\/linitiative.ca\/International\/visa-schengen-le-maroc-parmi-les-5-premiers-pays-avec-le-plus-de-demandes-deposees\/"},"modified":"2022-06-11T06:28:13","modified_gmt":"2022-06-11T10:28:13","slug":"visa-schengen-le-maroc-parmi-les-5-premiers-pays-avec-le-plus-de-demandes-deposees","status":"publish","type":"post","link":"https:\/\/linitiative.ca\/International\/visa-schengen-le-maroc-parmi-les-5-premiers-pays-avec-le-plus-de-demandes-deposees\/","title":{"rendered":"Visa Schengen. Le Maroc parmi les 5 premiers pays avec le plus de demandes d\u00e9pos\u00e9es"},"content":{"rendered":"<div><img decoding=\"async\" width=\"766\" height=\"438\" src=\"https:\/\/linitiative.ca\/International\/wp-content\/uploads\/sites\/23\/2022\/06\/Visa-france-1-1.jpeg\" class=\"attachment-post-thumbnail size-post-thumbnail wp-post-image\" alt=\"\" loading=\"lazy\" srcset=\"https:\/\/linitiative.ca\/International\/wp-content\/uploads\/sites\/23\/2022\/06\/Visa-france-1-1.jpeg 766w, https:\/\/www.challenge.ma\/wp-content\/uploads\/2021\/06\/Visa-france-1-1-300x172.jpeg 300w, https:\/\/www.challenge.ma\/wp-content\/uploads\/2021\/06\/Visa-france-1-1-360x206.jpeg 360w, https:\/\/www.challenge.ma\/wp-content\/uploads\/2021\/06\/Visa-france-1-1-750x429.jpeg 750w\" sizes=\"auto, (max-width: 766px) 100vw, 766px\" itemprop=\"image\">En 2021, le Maroc a d\u00e9pos\u00e9 157.100 demandes de visa Schengen, figurant ainsi \u00e0 la cinqui\u00e8me position des pays les plus demandeurs, et ce malgr\u00e9 une baisse de 77,7% du nombre de demandes d\u00e9pos\u00e9es par rapport \u00e0 l\u2019ann\u00e9e 2019, o\u00f9 705.293 demandes avaient \u00e9t\u00e9 d\u00e9pos\u00e9es. Selon les donn\u00e9es r\u00e9v\u00e9l\u00e9es par<\/div>\n<p>Auteur: Mehdi Ouazzani<br \/>\n<a href=\"https:\/\/www.challenge.ma\/visa-schengen-le-maroc-parmi-les-5-premiers-pays-avec-le-plus-de-demandes-deposees-240436\/\">Cliquez ici pour lire l&rsquo;article depuis sa source.<\/a><\/p>\n","protected":false},"excerpt":{"rendered":"<p>En 2021, le Maroc a d\u00e9pos\u00e9 157.100 demandes de visa Schengen, figurant ainsi \u00e0 la cinqui\u00e8me position des pays les plus demandeurs, et ce malgr\u00e9 une baisse de 77,7% du nombre de demandes d\u00e9pos\u00e9es par rapport \u00e0 l\u2019ann\u00e9e 2019, o\u00f9 705.293 demandes avaient \u00e9t\u00e9 d\u00e9pos\u00e9es. Selon les donn\u00e9es r\u00e9v\u00e9l\u00e9es par Auteur: Mehdi Ouazzani Cliquez ici [&hellip;]<\/p>\n","protected":false},"author":1787,"featured_media":0,"comment_status":"closed","ping_status":"closed","sticky":false,"template":"","format":"standard","meta":{"fifu_image_url":"https:\/\/www.challenge.ma\/wp-content\/uploads\/2021\/06\/Visa-france-1-1.jpeg","fifu_image_alt":"Visa Schengen. Le Maroc parmi les 5 premiers pays avec le plus de demandes d\u00e9pos\u00e9es","footnotes":""},"categories":[78,54],"tags":[],"class_list":["post-149908","post","type-post","status-publish","format-standard","hentry","category-economie","category-maroc"],"_links":{"self":[{"href":"https:\/\/linitiative.ca\/International\/wp-json\/wp\/v2\/posts\/149908","targetHints":{"allow":["GET"]}}],"collection":[{"href":"https:\/\/linitiative.ca\/International\/wp-json\/wp\/v2\/posts"}],"about":[{"href":"https:\/\/linitiative.ca\/International\/wp-json\/wp\/v2\/types\/post"}],"author":[{"embeddable":true,"href":"https:\/\/linitiative.ca\/International\/wp-json\/wp\/v2\/users\/1787"}],"replies":[{"embeddable":true,"href":"https:\/\/linitiative.ca\/International\/wp-json\/wp\/v2\/comments?post=149908"}],"version-history":[{"count":0,"href":"https:\/\/linitiative.ca\/International\/wp-json\/wp\/v2\/posts\/149908\/revisions"}],"wp:attachment":[{"href":"https:\/\/linitiative.ca\/International\/wp-json\/wp\/v2\/media?parent=149908"}],"wp:term":[{"taxonomy":"category","embeddable":true,"href":"https:\/\/linitiative.ca\/International\/wp-json\/wp\/v2\/categories?post=149908"},{"taxonomy":"post_tag","embeddable":true,"href":"https:\/\/linitiative.ca\/International\/wp-json\/wp\/v2\/tags?post=149908"}],"curies":[{"name":"wp","href":"https:\/\/api.w.org\/{rel}","templated":true}]}}