{"id":149912,"date":"2022-06-11T07:00:23","date_gmt":"2022-06-11T11:00:23","guid":{"rendered":"https:\/\/linitiative.ca\/International\/dialogue-entre-cultures-lonu-et-les-etats-unis-saluent-le-role-du-maroc\/"},"modified":"2022-06-11T07:00:23","modified_gmt":"2022-06-11T11:00:23","slug":"dialogue-entre-cultures-lonu-et-les-etats-unis-saluent-le-role-du-maroc","status":"publish","type":"post","link":"https:\/\/linitiative.ca\/International\/dialogue-entre-cultures-lonu-et-les-etats-unis-saluent-le-role-du-maroc\/","title":{"rendered":"Dialogue entre cultures. L\u2019ONU et les \u00c9tats-Unis saluent le r\u00f4le du Maroc"},"content":{"rendered":"<div><img decoding=\"async\" width=\"965\" height=\"615\" src=\"https:\/\/linitiative.ca\/International\/wp-content\/uploads\/sites\/23\/2022\/06\/Blinken-8.png\" class=\"attachment-post-thumbnail size-post-thumbnail wp-post-image\" alt=\"\" loading=\"lazy\" srcset=\"https:\/\/linitiative.ca\/International\/wp-content\/uploads\/sites\/23\/2022\/06\/Blinken-8.png 965w, https:\/\/www.challenge.ma\/wp-content\/uploads\/2022\/06\/Blinken-8-300x191.png 300w, https:\/\/www.challenge.ma\/wp-content\/uploads\/2022\/06\/Blinken-8-768x489.png 768w, https:\/\/www.challenge.ma\/wp-content\/uploads\/2022\/06\/Blinken-8-360x229.png 360w, https:\/\/www.challenge.ma\/wp-content\/uploads\/2022\/06\/Blinken-8-750x478.png 750w\" sizes=\"auto, (max-width: 965px) 100vw, 965px\" itemprop=\"image\">Sa Majest\u00e9 le Roi Mohammed VI n\u2019\u00e9tait pas pr\u00e9sent dans la ville du D\u00e9troit \u00e0 l\u2019occasion de la conf\u00e9rence internationale \u00abDialogue de Tanger\u00bb. Toujours est-il que sa pr\u00e9sence s\u2019est faite pleinement ressentir dans la salle de conf\u00e9rence du palace qui a accueilli pour l\u2019occasion d\u2019\u00e9minentes personnalit\u00e9s internationales en pr\u00e9sentiel, mais<\/div>\n<p>Auteur: David J\u00e9r\u00e9mie<br \/>\n<a href=\"https:\/\/www.challenge.ma\/dialogue-entre-cultures-lonu-et-les-etats-unis-saluent-le-role-du-maroc-240444\/\">Cliquez ici pour lire l&rsquo;article depuis sa source.<\/a><\/p>\n","protected":false},"excerpt":{"rendered":"<p>Sa Majest\u00e9 le Roi Mohammed VI n\u2019\u00e9tait pas pr\u00e9sent dans la ville du D\u00e9troit \u00e0 l\u2019occasion de la conf\u00e9rence internationale \u00abDialogue de Tanger\u00bb. Toujours est-il que sa pr\u00e9sence s\u2019est faite pleinement ressentir dans la salle de conf\u00e9rence du palace qui a accueilli pour l\u2019occasion d\u2019\u00e9minentes personnalit\u00e9s internationales en pr\u00e9sentiel, mais Auteur: David J\u00e9r\u00e9mie Cliquez ici [&hellip;]<\/p>\n","protected":false},"author":1787,"featured_media":0,"comment_status":"closed","ping_status":"closed","sticky":false,"template":"","format":"standard","meta":{"fifu_image_url":"https:\/\/www.challenge.ma\/wp-content\/uploads\/2022\/06\/Blinken-8.png","fifu_image_alt":"Dialogue entre cultures. L\u2019ONU et les \u00c9tats-Unis saluent le r\u00f4le du Maroc","footnotes":""},"categories":[78,54],"tags":[],"class_list":["post-149912","post","type-post","status-publish","format-standard","hentry","category-economie","category-maroc"],"_links":{"self":[{"href":"https:\/\/linitiative.ca\/International\/wp-json\/wp\/v2\/posts\/149912","targetHints":{"allow":["GET"]}}],"collection":[{"href":"https:\/\/linitiative.ca\/International\/wp-json\/wp\/v2\/posts"}],"about":[{"href":"https:\/\/linitiative.ca\/International\/wp-json\/wp\/v2\/types\/post"}],"author":[{"embeddable":true,"href":"https:\/\/linitiative.ca\/International\/wp-json\/wp\/v2\/users\/1787"}],"replies":[{"embeddable":true,"href":"https:\/\/linitiative.ca\/International\/wp-json\/wp\/v2\/comments?post=149912"}],"version-history":[{"count":0,"href":"https:\/\/linitiative.ca\/International\/wp-json\/wp\/v2\/posts\/149912\/revisions"}],"wp:attachment":[{"href":"https:\/\/linitiative.ca\/International\/wp-json\/wp\/v2\/media?parent=149912"}],"wp:term":[{"taxonomy":"category","embeddable":true,"href":"https:\/\/linitiative.ca\/International\/wp-json\/wp\/v2\/categories?post=149912"},{"taxonomy":"post_tag","embeddable":true,"href":"https:\/\/linitiative.ca\/International\/wp-json\/wp\/v2\/tags?post=149912"}],"curies":[{"name":"wp","href":"https:\/\/api.w.org\/{rel}","templated":true}]}}