{"id":149914,"date":"2022-06-11T15:23:21","date_gmt":"2022-06-11T19:23:21","guid":{"rendered":"https:\/\/linitiative.ca\/International\/urgent-prolongation-de-la-greve-des-magistrats-dune-semaine\/"},"modified":"2022-06-11T15:23:21","modified_gmt":"2022-06-11T19:23:21","slug":"urgent-prolongation-de-la-greve-des-magistrats-dune-semaine","status":"publish","type":"post","link":"https:\/\/linitiative.ca\/International\/urgent-prolongation-de-la-greve-des-magistrats-dune-semaine\/","title":{"rendered":"Urgent: Prolongation de la gr\u00e8ve des magistrats d\u2019une semaine"},"content":{"rendered":"<div>\n<p>La coordination des structures judiciaires vient d\u2019annoncer, aujourd\u2019hui samedi 11 Juin 2022, la prolongation de la gr\u00e8ve dans l\u2019ensemble des tribunaux et institutions judiciaires d\u2019une deuxi\u00e8me semaine et ce \u00e0 partir du lundi 13 Juin 2022. Dans le m\u00eame communiqu\u00e9, la coordination des structures judiciaires a adress\u00e9 ses vifs remerciements \u00e0 tous les magistrats pour [\u2026]<\/p>\n<p>L\u2019article <a href=\"https:\/\/www.tunisienumerique.com\/urgent-prolongation-de-la-greve-des-magistrats-dune-semaine\/\">Urgent: Prolongation de la gr\u00e8ve des magistrats d\u2019une semaine<\/a> est apparu en premier sur <a href=\"https:\/\/www.tunisienumerique.com\/\">Tunisie<\/a>.<\/p>\n<\/div>\n<p>Auteur: w k<br \/>\n<a href=\"https:\/\/www.tunisienumerique.com\/urgent-prolongation-de-la-greve-des-magistrats-dune-semaine\/\">Cliquez ici pour lire l&rsquo;article depuis sa source.<\/a><\/p>\n","protected":false},"excerpt":{"rendered":"<p>La coordination des structures judiciaires vient d\u2019annoncer, aujourd\u2019hui samedi 11 Juin 2022, la prolongation de la gr\u00e8ve dans l\u2019ensemble des tribunaux et institutions judiciaires d\u2019une deuxi\u00e8me semaine et ce \u00e0 partir du lundi 13 Juin 2022. Dans le m\u00eame communiqu\u00e9, la coordination des structures judiciaires a adress\u00e9 ses vifs remerciements \u00e0 tous les magistrats pour [&hellip;]<\/p>\n","protected":false},"author":1789,"featured_media":0,"comment_status":"closed","ping_status":"closed","sticky":false,"template":"","format":"standard","meta":{"fifu_image_url":"","fifu_image_alt":"","footnotes":""},"categories":[73,55],"tags":[],"class_list":["post-149914","post","type-post","status-publish","format-standard","hentry","category-actualite","category-tunisie"],"_links":{"self":[{"href":"https:\/\/linitiative.ca\/International\/wp-json\/wp\/v2\/posts\/149914","targetHints":{"allow":["GET"]}}],"collection":[{"href":"https:\/\/linitiative.ca\/International\/wp-json\/wp\/v2\/posts"}],"about":[{"href":"https:\/\/linitiative.ca\/International\/wp-json\/wp\/v2\/types\/post"}],"author":[{"embeddable":true,"href":"https:\/\/linitiative.ca\/International\/wp-json\/wp\/v2\/users\/1789"}],"replies":[{"embeddable":true,"href":"https:\/\/linitiative.ca\/International\/wp-json\/wp\/v2\/comments?post=149914"}],"version-history":[{"count":0,"href":"https:\/\/linitiative.ca\/International\/wp-json\/wp\/v2\/posts\/149914\/revisions"}],"wp:attachment":[{"href":"https:\/\/linitiative.ca\/International\/wp-json\/wp\/v2\/media?parent=149914"}],"wp:term":[{"taxonomy":"category","embeddable":true,"href":"https:\/\/linitiative.ca\/International\/wp-json\/wp\/v2\/categories?post=149914"},{"taxonomy":"post_tag","embeddable":true,"href":"https:\/\/linitiative.ca\/International\/wp-json\/wp\/v2\/tags?post=149914"}],"curies":[{"name":"wp","href":"https:\/\/api.w.org\/{rel}","templated":true}]}}