{"id":149919,"date":"2022-06-11T08:52:10","date_gmt":"2022-06-11T12:52:10","guid":{"rendered":"https:\/\/linitiative.ca\/International\/controle-du-discours-religieux-des-musulmans-y-voient-une-volonte-de-muselement\/"},"modified":"2022-06-11T08:52:10","modified_gmt":"2022-06-11T12:52:10","slug":"controle-du-discours-religieux-des-musulmans-y-voient-une-volonte-de-muselement","status":"publish","type":"post","link":"https:\/\/linitiative.ca\/International\/controle-du-discours-religieux-des-musulmans-y-voient-une-volonte-de-muselement\/","title":{"rendered":"Contr\u00f4le du discours religieux\u00a0: des musulmans y voient une volont\u00e9 de mus\u00e8lement"},"content":{"rendered":"<div>\n<p>\u00ab\u00a0La Oummah [communaut\u00e9 musulmane] est frustr\u00e9e\u00a0\u00bb. C\u2019est l\u2019information que la Coordination des jeunes musulmans du Burkina Faso (CJMB) a partag\u00e9e ce matin face \u00e0 la presse suite \u00e0 la volont\u00e9 du gouvernement de contr\u00f4ler les discours religieux radicaux.<\/p>\n<p>Cette organisation se base notamment sur une communication orale du ministre en charge des affaires religieuses, Issaka Sourwema en Conseil des ministres, o\u00f9 il est envisag\u00e9 des actions pour encadrer l\u2019exercice des libert\u00e9s religieuses et de culte au Burkina.<\/p>\n<p style=\"clear: both\"><span class=\"td_btn td_btn_md td_round_btn\" style=\"color: #000000\">\u00ab Si cette mesure semble concerner toutes les confessions religieuses, l\u2019islam se sent index\u00e9 et la Oummah est frustr\u00e9e \u00e0 tous les niveaux jusqu\u2019aux vieilles personnes \u00bb, d\u00e9plore le vice-pr\u00e9sident de la CJMB Boubacar Dianda, d\u00e9non\u00e7ant \u00ab une mesure de mus\u00e8lement des leaders religieux \u00bb.<\/span><\/p>\n<p>Aussi, l\u2019organisation de jeunes musulmans invite-t-elle les autorit\u00e9s \u00e0 \u00ab\u00a0\u00e9viter de toucher \u00e0 la fibre religieuse quelques soient les motifs et les motivations\u00a0\u00bb dans la mesure o\u00f9, selon elle, \u00ab\u00a0tous les Burkinab\u00e8 de bon sens vivent aujourd\u2019hui en parfaite harmonie et sans discrimination religieuse\u00a0\u00bb.<\/p>\n<p>Cette mesure gouvernementale serait de nature \u00e0 \u00ab\u00a0exacerber la haine et la frustration\u00a0\u00bb pour conduire le pays vers des lendemains incertains, estime la CJMB.<\/p>\n<p style=\"text-align: right\"><strong>Moussa Kayda (Stagiaire)<\/strong><\/p>\n<p style=\"text-align: right\"><strong>Sidwaya.info<\/strong><\/p>\n<\/div>\n<p>Auteur: Wamini SIDWAYA<br \/>\n<a href=\"https:\/\/www.sidwaya.info\/blog\/2022\/06\/11\/controle-du-discours-religieux-des-musulmans-y-voient-une-volonte-de-muselement\/\">Cliquez ici pour lire l&rsquo;article depuis sa source.<\/a><\/p>\n","protected":false},"excerpt":{"rendered":"<p>\u00ab\u00a0La Oummah [communaut\u00e9 musulmane] est frustr\u00e9e\u00a0\u00bb. C\u2019est l\u2019information que la Coordination des jeunes musulmans du Burkina Faso (CJMB) a partag\u00e9e ce matin face \u00e0 la presse suite \u00e0 la volont\u00e9 du gouvernement de contr\u00f4ler les discours religieux radicaux. Cette organisation se base notamment sur une communication orale du ministre en charge des affaires religieuses, Issaka [&hellip;]<\/p>\n","protected":false},"author":1816,"featured_media":0,"comment_status":"closed","ping_status":"closed","sticky":false,"template":"","format":"standard","meta":{"fifu_image_url":"","fifu_image_alt":"","footnotes":""},"categories":[73,81],"tags":[],"class_list":["post-149919","post","type-post","status-publish","format-standard","hentry","category-actualite","category-burkina-faso"],"_links":{"self":[{"href":"https:\/\/linitiative.ca\/International\/wp-json\/wp\/v2\/posts\/149919","targetHints":{"allow":["GET"]}}],"collection":[{"href":"https:\/\/linitiative.ca\/International\/wp-json\/wp\/v2\/posts"}],"about":[{"href":"https:\/\/linitiative.ca\/International\/wp-json\/wp\/v2\/types\/post"}],"author":[{"embeddable":true,"href":"https:\/\/linitiative.ca\/International\/wp-json\/wp\/v2\/users\/1816"}],"replies":[{"embeddable":true,"href":"https:\/\/linitiative.ca\/International\/wp-json\/wp\/v2\/comments?post=149919"}],"version-history":[{"count":0,"href":"https:\/\/linitiative.ca\/International\/wp-json\/wp\/v2\/posts\/149919\/revisions"}],"wp:attachment":[{"href":"https:\/\/linitiative.ca\/International\/wp-json\/wp\/v2\/media?parent=149919"}],"wp:term":[{"taxonomy":"category","embeddable":true,"href":"https:\/\/linitiative.ca\/International\/wp-json\/wp\/v2\/categories?post=149919"},{"taxonomy":"post_tag","embeddable":true,"href":"https:\/\/linitiative.ca\/International\/wp-json\/wp\/v2\/tags?post=149919"}],"curies":[{"name":"wp","href":"https:\/\/api.w.org\/{rel}","templated":true}]}}