{"id":149921,"date":"2022-06-11T10:30:29","date_gmt":"2022-06-11T14:30:29","guid":{"rendered":"https:\/\/linitiative.ca\/International\/mangodara-un-habitant-abattu-par-des-hommes-armes-non-identifies-sources-locales\/"},"modified":"2022-06-11T10:30:29","modified_gmt":"2022-06-11T14:30:29","slug":"mangodara-un-habitant-abattu-par-des-hommes-armes-non-identifies-sources-locales","status":"publish","type":"post","link":"https:\/\/linitiative.ca\/International\/mangodara-un-habitant-abattu-par-des-hommes-armes-non-identifies-sources-locales\/","title":{"rendered":"Mangodara\u00a0: un habitant abattu par des hommes arm\u00e9s non identifi\u00e9s (sources locales)"},"content":{"rendered":"<div>\n<p>Un habitant de Mangodara a \u00e9t\u00e9 abattu hier vendredi 10 juin 2022 peu apr\u00e8s 19 heures par des hommes arm\u00e9s non identifi\u00e9s (HANI) dans la zone non lotie au secteur 2 de Mangodara.<\/p>\n<p>Selon des sources locales, ces HANI ont surgi dans la cour d\u2019un volontaire pour la d\u00e9fense de la patrie (VDP) et ouvert le feu sur trois hommes qui discutaient. Il semblerait que la cible \u00e9tait le VDP qui est parvenu \u00e0 se sauver.<\/p>\n<p>Un infirmier qui \u00e9tait la 3\u00e8 personne du groupe, est parvenu lui aussi \u00e0 s\u2019\u00e9chapper. Sa moto a toutefois \u00e9t\u00e9 endommag\u00e9e. La victime a \u00e9t\u00e9 inhum\u00e9e ce samedi 11 juin 2022 \u00e0 Mangodara.<\/p>\n<p>Mangodara est un d\u00e9partement de la\u00a0province\u00a0de la\u00a0Como\u00e9 situ\u00e9 \u00e0 une centaine de kilom\u00e8tres environ de Banfora dans la r\u00e9gion\u00a0des\u00a0Cascades.<\/p>\n<p style=\"text-align: right\"><strong>Sidwaya.info<\/strong><\/p>\n<\/div>\n<p>Auteur: Wamini SIDWAYA<br \/>\n<a href=\"https:\/\/www.sidwaya.info\/blog\/2022\/06\/11\/mangodara-un-habitant-abattu-par-des-hommes-armes-non-identifies-sources-locales\/\">Cliquez ici pour lire l&rsquo;article depuis sa source.<\/a><\/p>\n","protected":false},"excerpt":{"rendered":"<p>Un habitant de Mangodara a \u00e9t\u00e9 abattu hier vendredi 10 juin 2022 peu apr\u00e8s 19 heures par des hommes arm\u00e9s non identifi\u00e9s (HANI) dans la zone non lotie au secteur 2 de Mangodara. Selon des sources locales, ces HANI ont surgi dans la cour d\u2019un volontaire pour la d\u00e9fense de la patrie (VDP) et ouvert [&hellip;]<\/p>\n","protected":false},"author":1816,"featured_media":0,"comment_status":"closed","ping_status":"closed","sticky":false,"template":"","format":"standard","meta":{"fifu_image_url":"","fifu_image_alt":"","footnotes":""},"categories":[73,81],"tags":[],"class_list":["post-149921","post","type-post","status-publish","format-standard","hentry","category-actualite","category-burkina-faso"],"_links":{"self":[{"href":"https:\/\/linitiative.ca\/International\/wp-json\/wp\/v2\/posts\/149921","targetHints":{"allow":["GET"]}}],"collection":[{"href":"https:\/\/linitiative.ca\/International\/wp-json\/wp\/v2\/posts"}],"about":[{"href":"https:\/\/linitiative.ca\/International\/wp-json\/wp\/v2\/types\/post"}],"author":[{"embeddable":true,"href":"https:\/\/linitiative.ca\/International\/wp-json\/wp\/v2\/users\/1816"}],"replies":[{"embeddable":true,"href":"https:\/\/linitiative.ca\/International\/wp-json\/wp\/v2\/comments?post=149921"}],"version-history":[{"count":0,"href":"https:\/\/linitiative.ca\/International\/wp-json\/wp\/v2\/posts\/149921\/revisions"}],"wp:attachment":[{"href":"https:\/\/linitiative.ca\/International\/wp-json\/wp\/v2\/media?parent=149921"}],"wp:term":[{"taxonomy":"category","embeddable":true,"href":"https:\/\/linitiative.ca\/International\/wp-json\/wp\/v2\/categories?post=149921"},{"taxonomy":"post_tag","embeddable":true,"href":"https:\/\/linitiative.ca\/International\/wp-json\/wp\/v2\/tags?post=149921"}],"curies":[{"name":"wp","href":"https:\/\/api.w.org\/{rel}","templated":true}]}}