{"id":149922,"date":"2022-06-10T19:18:03","date_gmt":"2022-06-10T23:18:03","guid":{"rendered":"https:\/\/linitiative.ca\/International\/la-religion-doit-etre-un-rempart-contre-lextremisme-mae-marocain\/"},"modified":"2022-06-10T19:18:03","modified_gmt":"2022-06-10T23:18:03","slug":"la-religion-doit-etre-un-rempart-contre-lextremisme-mae-marocain","status":"publish","type":"post","link":"https:\/\/linitiative.ca\/International\/la-religion-doit-etre-un-rempart-contre-lextremisme-mae-marocain\/","title":{"rendered":"La religion doit \u00eatre un rempart contre l\u2019extr\u00e9misme (MAE marocain)"},"content":{"rendered":"<div>\n<p><img decoding=\"async\" width=\"292\" height=\"172\" src=\"https:\/\/linitiative.ca\/International\/wp-content\/uploads\/sites\/23\/2022\/06\/16549030831904.jpg\" class=\"attachment-post-thumbnail size-post-thumbnail wp-post-image\" alt=\"\" loading=\"lazy\"><\/p>\n<p>Pour le Maroc, la religion doit \u00eatre un rempart contre l&rsquo;extr\u00e9misme, \u00e0 travers la diplomatie cultuelle du Royaume en Afrique, a soulign\u00e9, vendredi \u00e0 Tanger, le ministre des Affaires \u00e9trang\u00e8res, Nasser Bourita.\u00a0\u00bbPour le Maroc, pays de la Commanderie des croyants, la religion doit \u00eatre un rempart contre l&rsquo;extr\u00e9misme et non son pr\u00e9texte. C&rsquo;est cela que pr\u00f4ne SM le Roi, \u00e0 travers la diplomatie cultuelle du Royaume en Afrique\u00a0\u00bb, a affirm\u00e9 le ministre , qui s&rsquo;exprimait \u00e0 l&rsquo;ouverture de la Conf\u00e9rence internationale \u00ab\u00a0Dialogue de Tanger\u00a0\u00bb, notant que la Fondation Mohammed VI des Oul\u00e9mas africains et l&rsquo;Institut Mohammed VI de formation des Imams, Mourchidines et Mourchidates sont l\u00e0 pr\u00e9cis\u00e9ment pour contrer le radicalisme qui s\u00e9vit aux portes de l&rsquo;Afrique et promouvoir un Islam de la mod\u00e9ration et du juste milieu.<\/p>\n<p>Le ministre a fait savoir que la religion trouve son expression la plus \u00e9loquente dans l&rsquo;appel d&rsquo;Al Qods, dans lequel le Souverain marocain et le Pape Fran\u00e7ois, ont appel\u00e9 \u00e0 \u00ab\u00a0pr\u00e9server la Ville sainte de J\u00e9rusalem\/ Al Qods Acharif comme patrimoine commun de l&rsquo;humanit\u00e9 et, par-dessus tout pour les fid\u00e8les des trois religions monoth\u00e9istes, comme lieu de rencontre et symbole de coexistence pacifique, o\u00f9 se cultivent le respect r\u00e9ciproque et le dialogue\u00a0\u00bb.<\/p>\n<p>\u00ab\u00a0A quelques exceptions pr\u00e8s, la relation entre l&rsquo;Occident et le monde musulman n&rsquo;a pas toujours \u00e9t\u00e9 totalement harmonieuse. C&rsquo;est l\u00e0 peut-\u00eatre une \u00e9vidence historique, mais pas une fatalit\u00e9\u00a0\u00bb, a-t-il relev\u00e9, ajoutant \u00ab\u00a0nous devons r\u00e9initialiser les relations entre l&rsquo;Occident et les pays musulmans\u00a0\u00bb.<\/p>\n<p>Le ministre a, \u00e0 cet \u00e9gard, assur\u00e9 que le Maroc apporte la d\u00e9monstration que le monde musulman n&rsquo;est pas un fardeau pour l&rsquo;Ouest; bien au contraire, un pays qui apporte des r\u00e9ponses nationales \u00e0 des probl\u00e9matiques globales pressentes, et qui contribue de mani\u00e8re active aux d\u00e9bats et aux actions autour de ces probl\u00e9matiques.<\/p>\n<p>\u00ab\u00a0Il est d&rsquo;ailleurs un alli\u00e9 central dans la lutte contre le terrorisme, un partenaire cr\u00e9dible contre les changements climatiques, et un acteur responsable de la gestion de la migration\u00a0\u00bb, a-t-il not\u00e9, ajoutant \u00ab\u00a0ce sont pr\u00e9cis\u00e9ment nos compl\u00e9mentarit\u00e9s qui nous permettent d&rsquo;appr\u00e9hender une diplomatie des Lumi\u00e8res en action\u00a0\u00bb.<\/p>\n<p>Le ministre a, en outre, indiqu\u00e9 que le monde gagne \u00e0 avancer vers la \u00ab\u00a0co-connaissance\u00a0\u00bb, soulignant la n\u00e9cessit\u00e9 de cesser d&rsquo;essentialiser les religions, et en particulier la religion musulmane et ses croyants, pour aller vers cette co-connaissance.<\/p>\n<p>Apr\u00e8s avoir fait savoir que le projet Aladdin est une utilit\u00e9 forte, dont l&rsquo;une des expressions est l&rsquo;organisation de ce genre de r\u00e9union, mais son action va au-del\u00e0, et son impact peut aussi \u00eatre plus profond, M. Bourita a assur\u00e9 que l&rsquo;engagement du Maroc aux c\u00f4t\u00e9s de ce Projet est un engagement de la premi\u00e8re heure, saluant, \u00e0 cet \u00e9gard, l&rsquo;engagement discret mais efficace de M. Andr\u00e9 Azoulay, Conseiller du Roi.<\/p>\n<p>\u00ab\u00a0L&rsquo;Alliance est n\u00e9cessaire, aujourd&rsquo;hui plus que jamais, \u00e0 un moment si particulier de l&rsquo;histoire, o\u00f9 les certitudes bougent, o\u00f9 la g\u00e9opolitique se r\u00e9\u00e9crit, et o\u00f9 les causes \u00e0 l&rsquo;origine m\u00eame de la cr\u00e9ation de l&rsquo;Alliance connaissent une r\u00e9surgence sans pr\u00e9c\u00e8dent\u00a0\u00bb, a-t-il dit, soulignant que le Maroc compte abriter cette ann\u00e9e le 9\u00e8me Forum de l&rsquo;Alliance, pour la premi\u00e8re fois en Afrique.<\/p>\n<p>Le ministre a indiqu\u00e9 que les \u00e9changes, comme ceux qu&rsquo;abritera le Dialogue de Tanger, sont essentiels, car le monde a toujours besoin de r\u00e9flexion libre, d\u00e9passionn\u00e9e \u00ab\u00a0out of the box\u00a0\u00bb and \u00ab\u00a0out of the block\u00a0\u00bb, d&rsquo;une approche d\u00e9complex\u00e9e des sujets complexes, ainsi que de tol\u00e9rance intellectuelle et de diversit\u00e9 de perspectives.<\/p>\n<p>Il a relev\u00e9 que le Dialogue de Tanger peut marquer sa sp\u00e9cificit\u00e9 et faire la diff\u00e9rence, en transcendant le brainstorming vers une prise en charge active des sujets discut\u00e9s, ainsi qu&rsquo;en p\u00e9rennisant et en \u00e9largissant la r\u00e9flexion, soulignant que le \u00ab\u00a0Dialogue de Tanger\u00a0\u00bb doit devenir une tradition \u2013 un rendez-vous r\u00e9gulier, et rester cr\u00e9atif, jamais redondant; audacieux, jamais suiviste.<\/p>\n<p>\u00ab\u00a0Le contexte actuel rend pertinent un tel exercice\u00a0\u00bb, a-t-il not\u00e9, relevant que la pand\u00e9mie a \u00e9t\u00e9 un puissant r\u00e9v\u00e9lateur de l&rsquo;\u00e9tat profond de la soci\u00e9t\u00e9 internationale.<\/p>\n<p>Cet article <a rel=\"nofollow\" href=\"https:\/\/www.journalducameroun.com\/la-religion-doit-etre-un-rempart-contre-lextremisme-mae-marocain\/\">La religion doit \u00eatre un rempart contre l\u2019extr\u00e9misme (MAE marocain)<\/a> est apparu en premier sur <a rel=\"nofollow\" href=\"https:\/\/www.journalducameroun.com\/\">Journal du Cameroun<\/a>.<\/p>\n<\/div>\n<p>Auteur: APA News<br \/>\n<a href=\"https:\/\/www.journalducameroun.com\/la-religion-doit-etre-un-rempart-contre-lextremisme-mae-marocain\/\">Cliquez ici pour lire l&rsquo;article depuis sa source.<\/a><\/p>\n","protected":false},"excerpt":{"rendered":"<p>Pour le Maroc, la religion doit \u00eatre un rempart contre l&rsquo;extr\u00e9misme, \u00e0 travers la diplomatie cultuelle du Royaume en Afrique, a soulign\u00e9, vendredi \u00e0 Tanger, le ministre des Affaires \u00e9trang\u00e8res, Nasser Bourita.\u00a0\u00bbPour le Maroc, pays de la Commanderie des croyants, la religion doit \u00eatre un rempart contre l&rsquo;extr\u00e9misme et non son pr\u00e9texte. C&rsquo;est cela que [&hellip;]<\/p>\n","protected":false},"author":1965,"featured_media":0,"comment_status":"closed","ping_status":"closed","sticky":false,"template":"","format":"standard","meta":{"fifu_image_url":"https:\/\/www.journalducameroun.com\/wp-content\/uploads\/2022\/06\/16549030831904.jpg","fifu_image_alt":"La religion doit \u00eatre un rempart contre l\u2019extr\u00e9misme (MAE marocain)","footnotes":""},"categories":[73,82],"tags":[],"class_list":["post-149922","post","type-post","status-publish","format-standard","hentry","category-actualite","category-cameroun"],"_links":{"self":[{"href":"https:\/\/linitiative.ca\/International\/wp-json\/wp\/v2\/posts\/149922","targetHints":{"allow":["GET"]}}],"collection":[{"href":"https:\/\/linitiative.ca\/International\/wp-json\/wp\/v2\/posts"}],"about":[{"href":"https:\/\/linitiative.ca\/International\/wp-json\/wp\/v2\/types\/post"}],"author":[{"embeddable":true,"href":"https:\/\/linitiative.ca\/International\/wp-json\/wp\/v2\/users\/1965"}],"replies":[{"embeddable":true,"href":"https:\/\/linitiative.ca\/International\/wp-json\/wp\/v2\/comments?post=149922"}],"version-history":[{"count":0,"href":"https:\/\/linitiative.ca\/International\/wp-json\/wp\/v2\/posts\/149922\/revisions"}],"wp:attachment":[{"href":"https:\/\/linitiative.ca\/International\/wp-json\/wp\/v2\/media?parent=149922"}],"wp:term":[{"taxonomy":"category","embeddable":true,"href":"https:\/\/linitiative.ca\/International\/wp-json\/wp\/v2\/categories?post=149922"},{"taxonomy":"post_tag","embeddable":true,"href":"https:\/\/linitiative.ca\/International\/wp-json\/wp\/v2\/tags?post=149922"}],"curies":[{"name":"wp","href":"https:\/\/api.w.org\/{rel}","templated":true}]}}