{"id":149926,"date":"2022-06-11T09:18:03","date_gmt":"2022-06-11T13:18:03","guid":{"rendered":"https:\/\/linitiative.ca\/International\/a-abidjan-la-covid-19-a-ralenti-lexecution-de-travaux-routiers-pm\/"},"modified":"2022-06-11T09:18:03","modified_gmt":"2022-06-11T13:18:03","slug":"a-abidjan-la-covid-19-a-ralenti-lexecution-de-travaux-routiers-pm","status":"publish","type":"post","link":"https:\/\/linitiative.ca\/International\/a-abidjan-la-covid-19-a-ralenti-lexecution-de-travaux-routiers-pm\/","title":{"rendered":"\u00c0 Abidjan, la Covid-19 a ralenti l\u2019ex\u00e9cution de travaux routiers (Pm)"},"content":{"rendered":"<div>\n<p><img decoding=\"async\" width=\"2560\" height=\"1440\" src=\"https:\/\/linitiative.ca\/International\/wp-content\/uploads\/sites\/23\/2022\/06\/16549534833140.jpg\" class=\"attachment-post-thumbnail size-post-thumbnail wp-post-image\" alt=\"\" loading=\"lazy\" srcset=\"https:\/\/linitiative.ca\/International\/wp-content\/uploads\/sites\/23\/2022\/06\/16549534833140.jpg 2560w, https:\/\/www.journalducameroun.com\/wp-content\/uploads\/2022\/06\/16549534833140-300x169.jpg 300w, https:\/\/www.journalducameroun.com\/wp-content\/uploads\/2022\/06\/16549534833140-1024x576.jpg 1024w, https:\/\/www.journalducameroun.com\/wp-content\/uploads\/2022\/06\/16549534833140-768x432.jpg 768w, https:\/\/www.journalducameroun.com\/wp-content\/uploads\/2022\/06\/16549534833140-1536x864.jpg 1536w, https:\/\/www.journalducameroun.com\/wp-content\/uploads\/2022\/06\/16549534833140-2048x1152.jpg 2048w, https:\/\/www.journalducameroun.com\/wp-content\/uploads\/2022\/06\/16549534833140-780x440.jpg 780w, https:\/\/www.journalducameroun.com\/wp-content\/uploads\/2022\/06\/16549534833140-380x215.jpg 380w, https:\/\/www.journalducameroun.com\/wp-content\/uploads\/2022\/06\/16549534833140-160x90.jpg 160w, https:\/\/www.journalducameroun.com\/wp-content\/uploads\/2022\/06\/16549534833140-240x135.jpg 240w, https:\/\/www.journalducameroun.com\/wp-content\/uploads\/2022\/06\/16549534833140-782x440.jpg 782w, https:\/\/www.journalducameroun.com\/wp-content\/uploads\/2022\/06\/16549534833140-600x338.jpg 600w\" sizes=\"auto, (max-width: 2560px) 100vw, 2560px\"><\/p>\n<p>Selon le Premier ministre, Patrick Achi, la pand\u00e9mie a allong\u00e9 de 15 \u00e0 18 mois les d\u00e9lais de livraison d&rsquo;infrastructures routi\u00e8res dont les travaux ont d\u00e9marr\u00e9 en 2018-2019 dans la capitale \u00e9conomique ivoirienne.Hier vendredi, Patrick Achi a effectu\u00e9 une visite de terrain dans les diff\u00e9rents chantiers \u00e0 Abidjan. Faisant le point de l&rsquo;\u00e9volution des travaux, le chef du gouvernement a constat\u00e9 que le nouveau coronavirus a perturb\u00e9 les pr\u00e9visions.<\/p>\n<p>Malgr\u00e9 les retards dans l&rsquo;ex\u00e9cution des chantiers allant de 15 \u00e0 18 mois, M. Achi a assur\u00e9 qu&rsquo;ils \u00ab s&rsquo;ach\u00e8veront \u00bb dans des d\u00e9lais raisonnables, mais en attendant les populations rencontreront \u00ab quelques difficult\u00e9s r\u00e9siduelles \u00bb pour se d\u00e9placer.<\/p>\n<p>Entam\u00e9es entre 2018 et 2019, a d\u00e9clar\u00e9 le Premier ministre, les nouvelles routes abidjanaises seront finalement ouvertes \u00e0 la circulation en fin 2022 pour les unes et en fin 2023 pour les autres. \u00a0<\/p>\n<p>La C\u00f4te d&rsquo;Ivoire est cens\u00e9e accueillir, pour la seconde fois de son histoire, la Coupe d&rsquo;Afrique des nations de football. De bonnes infrastructures de transport font partie du cahier de charges de la comp\u00e9tition pr\u00e9vue du 23 juin au 23 juillet 2023.<\/p>\n<p>C&rsquo;est pourquoi, Patrick Achi a reconnu qu&rsquo;il y a \u00ab une pression sur les d\u00e9lais \u00bb avec notamment les travaux de la sortie Est d&rsquo;Abidjan qui devraient permettre d&rsquo;acc\u00e9der facilement au stade d&rsquo;Ebimp\u00e9.<\/p>\n<p>Inscrites dans le Projet de Transport Urbain d&rsquo;Abidjan (PTUA), ces infrastructures se construisent gr\u00e2ce au concours financier de la Banque africaine de d\u00e9veloppement (Bad).<\/p>\n<p>L&rsquo;institution financi\u00e8re apporte 76 % du budget de 42,57 milliards F CFA Hors Taxe contre 24 % pour l&rsquo;\u00c9tat de C\u00f4te d&rsquo;Ivoire. Le taux d&rsquo;avancement des travaux est estim\u00e9 \u00e0 52 % par rapport au planning g\u00e9n\u00e9ral pour un d\u00e9lai consomm\u00e9 de 73,8 %.<\/p>\n<p>Cet article <a rel=\"nofollow\" href=\"https:\/\/www.journalducameroun.com\/a-abidjan-la-covid-19-a-ralenti-lexecution-de-travaux-routiers-pm\/\">\u00c0 Abidjan, la Covid-19 a ralenti l\u2019ex\u00e9cution de travaux routiers (Pm)<\/a> est apparu en premier sur <a rel=\"nofollow\" href=\"https:\/\/www.journalducameroun.com\/\">Journal du Cameroun<\/a>.<\/p>\n<\/div>\n<p>Auteur: APA News<br \/>\n<a href=\"https:\/\/www.journalducameroun.com\/a-abidjan-la-covid-19-a-ralenti-lexecution-de-travaux-routiers-pm\/\">Cliquez ici pour lire l&rsquo;article depuis sa source.<\/a><\/p>\n","protected":false},"excerpt":{"rendered":"<p>Selon le Premier ministre, Patrick Achi, la pand\u00e9mie a allong\u00e9 de 15 \u00e0 18 mois les d\u00e9lais de livraison d&rsquo;infrastructures routi\u00e8res dont les travaux ont d\u00e9marr\u00e9 en 2018-2019 dans la capitale \u00e9conomique ivoirienne.Hier vendredi, Patrick Achi a effectu\u00e9 une visite de terrain dans les diff\u00e9rents chantiers \u00e0 Abidjan. Faisant le point de l&rsquo;\u00e9volution des travaux, [&hellip;]<\/p>\n","protected":false},"author":1965,"featured_media":0,"comment_status":"closed","ping_status":"closed","sticky":false,"template":"","format":"standard","meta":{"fifu_image_url":"https:\/\/www.journalducameroun.com\/wp-content\/uploads\/2022\/06\/16549534833140.jpg","fifu_image_alt":"\u00c0 Abidjan, la Covid-19 a ralenti l\u2019ex\u00e9cution de travaux routiers (Pm)","footnotes":""},"categories":[73,82],"tags":[],"class_list":["post-149926","post","type-post","status-publish","format-standard","hentry","category-actualite","category-cameroun"],"_links":{"self":[{"href":"https:\/\/linitiative.ca\/International\/wp-json\/wp\/v2\/posts\/149926","targetHints":{"allow":["GET"]}}],"collection":[{"href":"https:\/\/linitiative.ca\/International\/wp-json\/wp\/v2\/posts"}],"about":[{"href":"https:\/\/linitiative.ca\/International\/wp-json\/wp\/v2\/types\/post"}],"author":[{"embeddable":true,"href":"https:\/\/linitiative.ca\/International\/wp-json\/wp\/v2\/users\/1965"}],"replies":[{"embeddable":true,"href":"https:\/\/linitiative.ca\/International\/wp-json\/wp\/v2\/comments?post=149926"}],"version-history":[{"count":0,"href":"https:\/\/linitiative.ca\/International\/wp-json\/wp\/v2\/posts\/149926\/revisions"}],"wp:attachment":[{"href":"https:\/\/linitiative.ca\/International\/wp-json\/wp\/v2\/media?parent=149926"}],"wp:term":[{"taxonomy":"category","embeddable":true,"href":"https:\/\/linitiative.ca\/International\/wp-json\/wp\/v2\/categories?post=149926"},{"taxonomy":"post_tag","embeddable":true,"href":"https:\/\/linitiative.ca\/International\/wp-json\/wp\/v2\/tags?post=149926"}],"curies":[{"name":"wp","href":"https:\/\/api.w.org\/{rel}","templated":true}]}}