{"id":149928,"date":"2022-06-11T10:18:03","date_gmt":"2022-06-11T14:18:03","guid":{"rendered":"https:\/\/linitiative.ca\/International\/africa-ceo-forum-2022-plus-de-1500-participants-attendus-a-abidjan\/"},"modified":"2022-06-11T10:18:03","modified_gmt":"2022-06-11T14:18:03","slug":"africa-ceo-forum-2022-plus-de-1500-participants-attendus-a-abidjan","status":"publish","type":"post","link":"https:\/\/linitiative.ca\/International\/africa-ceo-forum-2022-plus-de-1500-participants-attendus-a-abidjan\/","title":{"rendered":"Africa CEO Forum 2022 : plus de 1500 participants attendus \u00e0 Abidjan"},"content":{"rendered":"<div>\n<p><img decoding=\"async\" width=\"1024\" height=\"765\" src=\"https:\/\/linitiative.ca\/International\/wp-content\/uploads\/sites\/23\/2022\/06\/16549570831646.jpg\" class=\"attachment-post-thumbnail size-post-thumbnail wp-post-image\" alt=\"\" loading=\"lazy\" srcset=\"https:\/\/linitiative.ca\/International\/wp-content\/uploads\/sites\/23\/2022\/06\/16549570831646.jpg 1024w, https:\/\/www.journalducameroun.com\/wp-content\/uploads\/2022\/06\/16549570831646-300x224.jpg 300w, https:\/\/www.journalducameroun.com\/wp-content\/uploads\/2022\/06\/16549570831646-768x574.jpg 768w, https:\/\/www.journalducameroun.com\/wp-content\/uploads\/2022\/06\/16549570831646-589x440.jpg 589w, https:\/\/www.journalducameroun.com\/wp-content\/uploads\/2022\/06\/16549570831646-600x448.jpg 600w\" sizes=\"auto, (max-width: 1024px) 100vw, 1024px\"><\/p>\n<p>Le plus grand rendez-vous annuel du secteur priv\u00e9 en Afrique est pr\u00e9vu les 13 et 14 juin dans la capitale \u00e9conomique ivoirienne autour du th\u00e8me \u00ab Souverainet\u00e9, croissance verte et transformation industrielle : les nouvelles routes de la prosp\u00e9rit\u00e9 africaine \u00bb.La derni\u00e8re \u00e9dition physique de l&rsquo;Africa CEO Forum s&rsquo;est tenue en 2019, \u00e0 Kigali, au Rwanda. Trois ans plus tard, la pand\u00e9mie de Covid-19, qui en \u00e9tait la raison, est de plus en plus ma\u00eetris\u00e9e.<\/p>\n<p>\u00c0 Abidjan, soci\u00e9t\u00e9s priv\u00e9es, banques de d\u00e9veloppement et repr\u00e9sentants gouvernementaux r\u00e9fl\u00e9chiront ensemble pour b\u00e2tir une Afrique plus r\u00e9siliente. Car elle a train\u00e9 les pieds dans la course aux vaccins et subi la perturbation des cha\u00eenes logistiques ainsi que l&rsquo;envol\u00e9e des prix de l&rsquo;\u00e9nergie et des produits alimentaires.<\/p>\n<p>Aux c\u00f4t\u00e9s du chef de l&rsquo;\u00c9tat Alassane Ouattara, ses homologues Macky Sall (S\u00e9n\u00e9gal), Mohamed Ould Ghazouani (Mauritanie), Mohamed Bazoum (Niger) et le vice-pr\u00e9sident du Nigeria, Yemi Osinbajo, devraient participer aux discussions.<\/p>\n<p>La crise de la Covid-19 et la guerre en Ukraine ont pouss\u00e9 le continent noir \u00e0 acc\u00e9l\u00e9rer la transformation de ses \u00e9conomies en repla\u00e7ant la question de la souverainet\u00e9 au c\u0153ur des pr\u00e9occupations des \u00c9tats. Par le choix du th\u00e8me \u00ab Souverainet\u00e9, croissance verte et transformation industrielle : les nouvelles routes de la prosp\u00e9rit\u00e9 africaine \u00bb, l&rsquo;Africa CEO Forum invite \u00e0 trouver des r\u00e9ponses aux questions de l&rsquo;heure.<\/p>\n<p>Un accent particulier sera mis sur le d\u00e9veloppement de l&rsquo;agriculture sur le continent qui pourtant dispose de potentialit\u00e9s consid\u00e9rables. Il y a cinq ans, l&rsquo;Organisation des Nations Unies pour l&rsquo;Alimentation et l&rsquo;Agriculture (FAO, sigle en anglais) a indiqu\u00e9 que l&rsquo;Afrique poss\u00e9dait pr\u00e8s de 60 % des terres arables non exploit\u00e9es du monde. Suffisant pour satisfaire non seulement ses propres besoins alimentaires, mais aussi \u00e0 ceux du reste du monde.<\/p>\n<p>Cet article <a rel=\"nofollow\" href=\"https:\/\/www.journalducameroun.com\/africa-ceo-forum-2022-plus-de-1500-participants-attendus-a-abidjan\/\">Africa CEO Forum 2022 : plus de 1500 participants attendus \u00e0 Abidjan<\/a> est apparu en premier sur <a rel=\"nofollow\" href=\"https:\/\/www.journalducameroun.com\/\">Journal du Cameroun<\/a>.<\/p>\n<\/div>\n<p>Auteur: APA News<br \/>\n<a href=\"https:\/\/www.journalducameroun.com\/africa-ceo-forum-2022-plus-de-1500-participants-attendus-a-abidjan\/\">Cliquez ici pour lire l&rsquo;article depuis sa source.<\/a><\/p>\n","protected":false},"excerpt":{"rendered":"<p>Le plus grand rendez-vous annuel du secteur priv\u00e9 en Afrique est pr\u00e9vu les 13 et 14 juin dans la capitale \u00e9conomique ivoirienne autour du th\u00e8me \u00ab Souverainet\u00e9, croissance verte et transformation industrielle : les nouvelles routes de la prosp\u00e9rit\u00e9 africaine \u00bb.La derni\u00e8re \u00e9dition physique de l&rsquo;Africa CEO Forum s&rsquo;est tenue en 2019, \u00e0 Kigali, au [&hellip;]<\/p>\n","protected":false},"author":1965,"featured_media":0,"comment_status":"closed","ping_status":"closed","sticky":false,"template":"","format":"standard","meta":{"fifu_image_url":"https:\/\/www.journalducameroun.com\/wp-content\/uploads\/2022\/06\/16549570831646.jpg","fifu_image_alt":"Africa CEO Forum 2022 : plus de 1500 participants attendus \u00e0 Abidjan","footnotes":""},"categories":[73,82],"tags":[],"class_list":["post-149928","post","type-post","status-publish","format-standard","hentry","category-actualite","category-cameroun"],"_links":{"self":[{"href":"https:\/\/linitiative.ca\/International\/wp-json\/wp\/v2\/posts\/149928","targetHints":{"allow":["GET"]}}],"collection":[{"href":"https:\/\/linitiative.ca\/International\/wp-json\/wp\/v2\/posts"}],"about":[{"href":"https:\/\/linitiative.ca\/International\/wp-json\/wp\/v2\/types\/post"}],"author":[{"embeddable":true,"href":"https:\/\/linitiative.ca\/International\/wp-json\/wp\/v2\/users\/1965"}],"replies":[{"embeddable":true,"href":"https:\/\/linitiative.ca\/International\/wp-json\/wp\/v2\/comments?post=149928"}],"version-history":[{"count":0,"href":"https:\/\/linitiative.ca\/International\/wp-json\/wp\/v2\/posts\/149928\/revisions"}],"wp:attachment":[{"href":"https:\/\/linitiative.ca\/International\/wp-json\/wp\/v2\/media?parent=149928"}],"wp:term":[{"taxonomy":"category","embeddable":true,"href":"https:\/\/linitiative.ca\/International\/wp-json\/wp\/v2\/categories?post=149928"},{"taxonomy":"post_tag","embeddable":true,"href":"https:\/\/linitiative.ca\/International\/wp-json\/wp\/v2\/tags?post=149928"}],"curies":[{"name":"wp","href":"https:\/\/api.w.org\/{rel}","templated":true}]}}