{"id":149945,"date":"2022-06-12T08:54:06","date_gmt":"2022-06-12T12:54:06","guid":{"rendered":"https:\/\/linitiative.ca\/International\/chambre-des-representants-une-pleniere-consacree-a-la-sante\/"},"modified":"2022-06-12T08:54:06","modified_gmt":"2022-06-12T12:54:06","slug":"chambre-des-representants-une-pleniere-consacree-a-la-sante","status":"publish","type":"post","link":"https:\/\/linitiative.ca\/International\/chambre-des-representants-une-pleniere-consacree-a-la-sante\/","title":{"rendered":"Chambre des repr\u00e9sentants: Une pl\u00e9ni\u00e8re consacr\u00e9e \u00e0 la sant\u00e9"},"content":{"rendered":"<div>\n<div class=\"field field-name-body field-type-text-with-summary field-label-hidden\">\n<div class=\"field-items\">\n<div class=\"field-item even\" property=\"content:encoded\">\n<p class=\"rtejustify\">La Chambre des repr\u00e9sentants tiendra lundi sa s\u00e9ance pl\u00e9ni\u00e8re consacr\u00e9e aux questions orales adress\u00e9es au chef du gouvernement autour de la politique publique, devant \u00eatre ax\u00e9e sur le secteur de la sant\u00e9. Pr\u00e9vue \u00e0 partir de 15h, cette s\u00e9ance se tiendra en application de l\u2019article 100 de la Constitution et conform\u00e9ment aux dispositions du r\u00e8glement int\u00e9rieur de la Chambre, notamment les articles 278 et 283, indique un communiqu\u00e9 de la Chambre des repr\u00e9sentants.<\/p>\n<\/div>\n<\/div>\n<\/div>\n<\/div>\n<p>Auteur: hgueye<br \/>\n<a href=\"https:\/\/www.leconomiste.com\/flash-infos\/chambre-des-representants-une-pleniere-consacree-la-sante\">Cliquez ici pour lire l&rsquo;article depuis sa source.<\/a><\/p>\n","protected":false},"excerpt":{"rendered":"<p>La Chambre des repr\u00e9sentants tiendra lundi sa s\u00e9ance pl\u00e9ni\u00e8re consacr\u00e9e aux questions orales adress\u00e9es au chef du gouvernement autour de la politique publique, devant \u00eatre ax\u00e9e sur le secteur de la sant\u00e9. Pr\u00e9vue \u00e0 partir de 15h, cette s\u00e9ance se tiendra en application de l\u2019article 100 de la Constitution et conform\u00e9ment aux dispositions du r\u00e8glement [&hellip;]<\/p>\n","protected":false},"author":1763,"featured_media":0,"comment_status":"closed","ping_status":"closed","sticky":false,"template":"","format":"standard","meta":{"fifu_image_url":"","fifu_image_alt":"","footnotes":""},"categories":[78,54],"tags":[],"class_list":["post-149945","post","type-post","status-publish","format-standard","hentry","category-economie","category-maroc"],"_links":{"self":[{"href":"https:\/\/linitiative.ca\/International\/wp-json\/wp\/v2\/posts\/149945","targetHints":{"allow":["GET"]}}],"collection":[{"href":"https:\/\/linitiative.ca\/International\/wp-json\/wp\/v2\/posts"}],"about":[{"href":"https:\/\/linitiative.ca\/International\/wp-json\/wp\/v2\/types\/post"}],"author":[{"embeddable":true,"href":"https:\/\/linitiative.ca\/International\/wp-json\/wp\/v2\/users\/1763"}],"replies":[{"embeddable":true,"href":"https:\/\/linitiative.ca\/International\/wp-json\/wp\/v2\/comments?post=149945"}],"version-history":[{"count":0,"href":"https:\/\/linitiative.ca\/International\/wp-json\/wp\/v2\/posts\/149945\/revisions"}],"wp:attachment":[{"href":"https:\/\/linitiative.ca\/International\/wp-json\/wp\/v2\/media?parent=149945"}],"wp:term":[{"taxonomy":"category","embeddable":true,"href":"https:\/\/linitiative.ca\/International\/wp-json\/wp\/v2\/categories?post=149945"},{"taxonomy":"post_tag","embeddable":true,"href":"https:\/\/linitiative.ca\/International\/wp-json\/wp\/v2\/tags?post=149945"}],"curies":[{"name":"wp","href":"https:\/\/api.w.org\/{rel}","templated":true}]}}