{"id":149949,"date":"2022-06-12T03:23:00","date_gmt":"2022-06-12T07:23:00","guid":{"rendered":"https:\/\/linitiative.ca\/International\/zeffane-aurait-trouve-un-accord-de-principe-avec-clermont\/"},"modified":"2022-06-12T03:23:00","modified_gmt":"2022-06-12T07:23:00","slug":"zeffane-aurait-trouve-un-accord-de-principe-avec-clermont","status":"publish","type":"post","link":"https:\/\/linitiative.ca\/International\/zeffane-aurait-trouve-un-accord-de-principe-avec-clermont\/","title":{"rendered":"Zeffane aurait trouv\u00e9 un accord de principe avec Clermont"},"content":{"rendered":"<div>Libre depuis son d\u00e9part du Yeni Malatyaspor (Turquie) en avril dernier, le lat\u00e9ral droit Mehdi Zeffane (30 ans) se rapproche de Clermont<\/div>\n<p>Auteur:<br \/>\n<a href=\"https:\/\/www.lebuteur.com\/article\/detail?titre=zeffane-aurait-trouve-un-accord-de-principe-avec-clermont&#038;id=103003\">Cliquez ici pour lire l&rsquo;article depuis sa source.<\/a><\/p>\n","protected":false},"excerpt":{"rendered":"<p>Libre depuis son d\u00e9part du Yeni Malatyaspor (Turquie) en avril dernier, le lat\u00e9ral droit Mehdi Zeffane (30 ans) se rapproche de Clermont Auteur: Cliquez ici pour lire l&rsquo;article depuis sa source.<\/p>\n","protected":false},"author":1738,"featured_media":0,"comment_status":"closed","ping_status":"closed","sticky":false,"template":"","format":"standard","meta":{"fifu_image_url":"","fifu_image_alt":"","footnotes":""},"categories":[53,75],"tags":[],"class_list":["post-149949","post","type-post","status-publish","format-standard","hentry","category-algerie","category-sport"],"_links":{"self":[{"href":"https:\/\/linitiative.ca\/International\/wp-json\/wp\/v2\/posts\/149949","targetHints":{"allow":["GET"]}}],"collection":[{"href":"https:\/\/linitiative.ca\/International\/wp-json\/wp\/v2\/posts"}],"about":[{"href":"https:\/\/linitiative.ca\/International\/wp-json\/wp\/v2\/types\/post"}],"author":[{"embeddable":true,"href":"https:\/\/linitiative.ca\/International\/wp-json\/wp\/v2\/users\/1738"}],"replies":[{"embeddable":true,"href":"https:\/\/linitiative.ca\/International\/wp-json\/wp\/v2\/comments?post=149949"}],"version-history":[{"count":0,"href":"https:\/\/linitiative.ca\/International\/wp-json\/wp\/v2\/posts\/149949\/revisions"}],"wp:attachment":[{"href":"https:\/\/linitiative.ca\/International\/wp-json\/wp\/v2\/media?parent=149949"}],"wp:term":[{"taxonomy":"category","embeddable":true,"href":"https:\/\/linitiative.ca\/International\/wp-json\/wp\/v2\/categories?post=149949"},{"taxonomy":"post_tag","embeddable":true,"href":"https:\/\/linitiative.ca\/International\/wp-json\/wp\/v2\/tags?post=149949"}],"curies":[{"name":"wp","href":"https:\/\/api.w.org\/{rel}","templated":true}]}}