{"id":149956,"date":"2022-06-12T06:26:00","date_gmt":"2022-06-12T10:26:00","guid":{"rendered":"https:\/\/linitiative.ca\/International\/une-reconnaissance-africaine-mediterraneenne-et-internationale-pour-professeur-habiba-bouhamed-chaabouni\/"},"modified":"2022-06-12T06:26:00","modified_gmt":"2022-06-12T10:26:00","slug":"une-reconnaissance-africaine-mediterraneenne-et-internationale-pour-professeur-habiba-bouhamed-chaabouni","status":"publish","type":"post","link":"https:\/\/linitiative.ca\/International\/une-reconnaissance-africaine-mediterraneenne-et-internationale-pour-professeur-habiba-bouhamed-chaabouni\/","title":{"rendered":"Une reconnaissance Africaine, M\u00e9diterran\u00e9enne et Internationale pour professeur Habiba Bouhamed Chaabouni"},"content":{"rendered":"<div><img decoding=\"async\" src=\"https:\/\/linitiative.ca\/International\/wp-content\/uploads\/sites\/23\/2022\/06\/1655026462_article.jpg\" alt=\"Une reconnaissance Africaine, M\u00e9diterran\u00e9enne et Internationale pour professeur Habiba Bouhamed Chaabouni\" align=\"left\">Une ann\u00e9e acad\u00e9mique 2021-22, bien riche \u00e0 l\u2019internationale pour notre comp\u00e9tence nationale, professeur Habiba Bouhamed Chaabouni, pionni\u00e8re de la g\u00e9n\u00e9tique humaine et m\u00e9dicale en Tunisie. L\u2019ann\u00e9e commence \u00e0 Alicante et se cl\u00f4ture \u00e0 Al-&lsquo;Ula dans le site arch\u00e9ologique de Hegra, la seconde principale cit\u00e9 de la civilisation nabat\u00e9enne qui a accueilli en juin 2022 les laur\u00e9ats du prix Nobel et leurs amis.<\/p>\n<p>En septembre 2021 notre comp\u00e9tence nationale est \u00e9lue membre du \u00ab First Mediterranean Scientific Team \u00bb. Le programme MEDNIGHT de l\u2019Union Europ\u00e9enne honore 11 chercheurs scientifiques s\u00e9lectionn\u00e9s parmi les pionniers dans leurs domaines, dans les pays des deux &#8230;<\/p>\n<\/div>\n<p>Auteur:<br \/>\n<a href=\"https:\/\/www.leaders.com.tn\/article\/33472-une-reconnaissance-africaine-mediterraneenne-et-internationale-pour-professeur-habiba-bouhamed-chaabouni\">Cliquez ici pour lire l&rsquo;article depuis sa source.<\/a><\/p>\n","protected":false},"excerpt":{"rendered":"<p>Une ann\u00e9e acad\u00e9mique 2021-22, bien riche \u00e0 l\u2019internationale pour notre comp\u00e9tence nationale, professeur Habiba Bouhamed Chaabouni, pionni\u00e8re de la g\u00e9n\u00e9tique humaine et m\u00e9dicale en Tunisie. L\u2019ann\u00e9e commence \u00e0 Alicante et se cl\u00f4ture \u00e0 Al-&lsquo;Ula dans le site arch\u00e9ologique de Hegra, la seconde principale cit\u00e9 de la civilisation nabat\u00e9enne qui a accueilli en juin 2022 les [&hellip;]<\/p>\n","protected":false},"author":1772,"featured_media":0,"comment_status":"closed","ping_status":"closed","sticky":false,"template":"","format":"standard","meta":{"fifu_image_url":"http:\/\/www.leaders.com.tn\/uploads\/content\/thumbnails_small\/1655026462_article.jpg","fifu_image_alt":"Une reconnaissance Africaine, M\u00e9diterran\u00e9enne et Internationale pour professeur Habiba Bouhamed Chaabouni","footnotes":""},"categories":[73,55],"tags":[],"class_list":["post-149956","post","type-post","status-publish","format-standard","hentry","category-actualite","category-tunisie"],"_links":{"self":[{"href":"https:\/\/linitiative.ca\/International\/wp-json\/wp\/v2\/posts\/149956","targetHints":{"allow":["GET"]}}],"collection":[{"href":"https:\/\/linitiative.ca\/International\/wp-json\/wp\/v2\/posts"}],"about":[{"href":"https:\/\/linitiative.ca\/International\/wp-json\/wp\/v2\/types\/post"}],"author":[{"embeddable":true,"href":"https:\/\/linitiative.ca\/International\/wp-json\/wp\/v2\/users\/1772"}],"replies":[{"embeddable":true,"href":"https:\/\/linitiative.ca\/International\/wp-json\/wp\/v2\/comments?post=149956"}],"version-history":[{"count":0,"href":"https:\/\/linitiative.ca\/International\/wp-json\/wp\/v2\/posts\/149956\/revisions"}],"wp:attachment":[{"href":"https:\/\/linitiative.ca\/International\/wp-json\/wp\/v2\/media?parent=149956"}],"wp:term":[{"taxonomy":"category","embeddable":true,"href":"https:\/\/linitiative.ca\/International\/wp-json\/wp\/v2\/categories?post=149956"},{"taxonomy":"post_tag","embeddable":true,"href":"https:\/\/linitiative.ca\/International\/wp-json\/wp\/v2\/tags?post=149956"}],"curies":[{"name":"wp","href":"https:\/\/api.w.org\/{rel}","templated":true}]}}