{"id":149960,"date":"2022-06-12T09:05:00","date_gmt":"2022-06-12T13:05:00","guid":{"rendered":"https:\/\/linitiative.ca\/International\/la-tunisie-a-lere-des-reformes-accelerees-et-en-bloc-ya-t-il-peril-en-la-demeure-que-dit-le-droit\/"},"modified":"2022-06-12T09:05:00","modified_gmt":"2022-06-12T13:05:00","slug":"la-tunisie-a-lere-des-reformes-accelerees-et-en-bloc-ya-t-il-peril-en-la-demeure-que-dit-le-droit","status":"publish","type":"post","link":"https:\/\/linitiative.ca\/International\/la-tunisie-a-lere-des-reformes-accelerees-et-en-bloc-ya-t-il-peril-en-la-demeure-que-dit-le-droit\/","title":{"rendered":"La Tunisie \u00e0 l\u2019\u00e8re des r\u00e9formes acc\u00e9l\u00e9r\u00e9es et en bloc : Ya-t-il p\u00e9ril en la demeure ? Que dit le Droit ?"},"content":{"rendered":"<div><img decoding=\"async\" src=\"https:\/\/linitiative.ca\/International\/wp-content\/uploads\/sites\/23\/2022\/06\/1655040098_article.jpg\" alt=\"La Tunisie \u00e0 l\u2019\u00e8re des r\u00e9formes acc\u00e9l\u00e9r\u00e9es et en bloc : Ya-t-il p\u00e9ril en la demeure ? Que dit le Droit ?\" align=\"left\">Par Najet Brahmi Zouaoui<br \/>\n1- Un des enseignements basiques en mati\u00e8re de philosophie du droit est d\u2019\u00e9riger la date de la promulgation de la loi au rang d\u2019un indicateur permettant la lecture de son opportunit\u00e9.\u00a0 La loi risque de brusquer, alarmer et bouleverser un mod\u00e8le social et \u00e9conomique d\u00e9j\u00e0 en place. Mais la loi est parfois aussi porteuse de satisfactions et g\u00e9n\u00e9ratrice de privil\u00e8ges appr\u00e9ci\u00e9s par les uns et par les autres. Les deux effets de la loi sont toujours li\u00e9s \u00e0 la circonstance et traduisent le plus souvent un v\u00e9ritable imp\u00e9ratif national de l\u00e9gif\u00e9rer \u00e0 un moment bien d\u00e9termin\u00e9. Parfois, l\u2019imp\u00e9ratif est international. C\u2019est le cas lorsque le &#8230;<\/p>\n<\/div>\n<p>Auteur:<br \/>\n<a href=\"https:\/\/www.leaders.com.tn\/article\/33474-la-tunisie-a-l-ere-des-reformes-accelerees-et-en-bloc-ya-t-il-peril-en-la-demeure-que-dit-le-droit\">Cliquez ici pour lire l&rsquo;article depuis sa source.<\/a><\/p>\n","protected":false},"excerpt":{"rendered":"<p>Par Najet Brahmi Zouaoui 1- Un des enseignements basiques en mati\u00e8re de philosophie du droit est d\u2019\u00e9riger la date de la promulgation de la loi au rang d\u2019un indicateur permettant la lecture de son opportunit\u00e9.\u00a0 La loi risque de brusquer, alarmer et bouleverser un mod\u00e8le social et \u00e9conomique d\u00e9j\u00e0 en place. Mais la loi est [&hellip;]<\/p>\n","protected":false},"author":1772,"featured_media":0,"comment_status":"closed","ping_status":"closed","sticky":false,"template":"","format":"standard","meta":{"fifu_image_url":"http:\/\/www.leaders.com.tn\/uploads\/content\/thumbnails_small\/1655040098_article.jpg","fifu_image_alt":"La Tunisie \u00e0 l\u2019\u00e8re des r\u00e9formes acc\u00e9l\u00e9r\u00e9es et en bloc : Ya-t-il p\u00e9ril en la demeure ? Que dit le Droit ?","footnotes":""},"categories":[73,55],"tags":[],"class_list":["post-149960","post","type-post","status-publish","format-standard","hentry","category-actualite","category-tunisie"],"_links":{"self":[{"href":"https:\/\/linitiative.ca\/International\/wp-json\/wp\/v2\/posts\/149960","targetHints":{"allow":["GET"]}}],"collection":[{"href":"https:\/\/linitiative.ca\/International\/wp-json\/wp\/v2\/posts"}],"about":[{"href":"https:\/\/linitiative.ca\/International\/wp-json\/wp\/v2\/types\/post"}],"author":[{"embeddable":true,"href":"https:\/\/linitiative.ca\/International\/wp-json\/wp\/v2\/users\/1772"}],"replies":[{"embeddable":true,"href":"https:\/\/linitiative.ca\/International\/wp-json\/wp\/v2\/comments?post=149960"}],"version-history":[{"count":0,"href":"https:\/\/linitiative.ca\/International\/wp-json\/wp\/v2\/posts\/149960\/revisions"}],"wp:attachment":[{"href":"https:\/\/linitiative.ca\/International\/wp-json\/wp\/v2\/media?parent=149960"}],"wp:term":[{"taxonomy":"category","embeddable":true,"href":"https:\/\/linitiative.ca\/International\/wp-json\/wp\/v2\/categories?post=149960"},{"taxonomy":"post_tag","embeddable":true,"href":"https:\/\/linitiative.ca\/International\/wp-json\/wp\/v2\/tags?post=149960"}],"curies":[{"name":"wp","href":"https:\/\/api.w.org\/{rel}","templated":true}]}}