{"id":149964,"date":"2022-06-12T08:47:06","date_gmt":"2022-06-12T12:47:06","guid":{"rendered":"https:\/\/linitiative.ca\/International\/le-maroc-interdit-la-projection-du-film-la-dame-du-paradis\/"},"modified":"2022-06-12T08:47:06","modified_gmt":"2022-06-12T12:47:06","slug":"le-maroc-interdit-la-projection-du-film-la-dame-du-paradis","status":"publish","type":"post","link":"https:\/\/linitiative.ca\/International\/le-maroc-interdit-la-projection-du-film-la-dame-du-paradis\/","title":{"rendered":"Le Maroc interdit la projection du film \u00ab\u00a0La Dame du Paradis\u00a0\u00bb"},"content":{"rendered":"<div><img decoding=\"async\" width=\"925\" height=\"430\" src=\"https:\/\/linitiative.ca\/International\/wp-content\/uploads\/sites\/23\/2022\/06\/FILM-1.jpg\" class=\"attachment-post-thumbnail size-post-thumbnail wp-post-image\" alt=\"\" loading=\"lazy\" srcset=\"https:\/\/linitiative.ca\/International\/wp-content\/uploads\/sites\/23\/2022\/06\/FILM-1.jpg 925w, https:\/\/www.challenge.ma\/wp-content\/uploads\/2022\/06\/FILM-1-300x139.jpg 300w, https:\/\/www.challenge.ma\/wp-content\/uploads\/2022\/06\/FILM-1-768x357.jpg 768w, https:\/\/www.challenge.ma\/wp-content\/uploads\/2022\/06\/FILM-1-360x167.jpg 360w, https:\/\/www.challenge.ma\/wp-content\/uploads\/2022\/06\/FILM-1-750x349.jpg 750w\" sizes=\"auto, (max-width: 925px) 100vw, 925px\" itemprop=\"image\">Le Maroc a interdit la projection du film britannique \u00ab\u00a0La Dame du Paradis\u00a0\u00bb (\u00ab\u00a0The Lady of Heaven\u00a0\u00bb), consid\u00e9r\u00e9 comme \u00ab\u00a0blasph\u00e9matoire\u00a0\u00bb dans plusieurs pays musulmans, selon un communiqu\u00e9 officiel publi\u00e9 hier samedi 11 juin.\u00a0 \u00ab\u00a0Le Centre cin\u00e9matographique marocain (CCM) a d\u00e9cid\u00e9 de ne pas accorder une autorisation au film \u00ab\u00a0La Dame<\/div>\n<p>Auteur: Adama Sylla<br \/>\n<a href=\"https:\/\/www.challenge.ma\/le-maroc-interdit-la-projection-du-film-la-dame-du-paradis-240467\/\">Cliquez ici pour lire l&rsquo;article depuis sa source.<\/a><\/p>\n","protected":false},"excerpt":{"rendered":"<p>Le Maroc a interdit la projection du film britannique \u00ab\u00a0La Dame du Paradis\u00a0\u00bb (\u00ab\u00a0The Lady of Heaven\u00a0\u00bb), consid\u00e9r\u00e9 comme \u00ab\u00a0blasph\u00e9matoire\u00a0\u00bb dans plusieurs pays musulmans, selon un communiqu\u00e9 officiel publi\u00e9 hier samedi 11 juin.\u00a0 \u00ab\u00a0Le Centre cin\u00e9matographique marocain (CCM) a d\u00e9cid\u00e9 de ne pas accorder une autorisation au film \u00ab\u00a0La Dame Auteur: Adama Sylla Cliquez ici [&hellip;]<\/p>\n","protected":false},"author":1787,"featured_media":0,"comment_status":"closed","ping_status":"closed","sticky":false,"template":"","format":"standard","meta":{"fifu_image_url":"https:\/\/www.challenge.ma\/wp-content\/uploads\/2022\/06\/FILM-1.jpg","fifu_image_alt":"Le Maroc interdit la projection du film \u00ab\u00a0La Dame du Paradis\u00a0\u00bb","footnotes":""},"categories":[78,54],"tags":[],"class_list":["post-149964","post","type-post","status-publish","format-standard","hentry","category-economie","category-maroc"],"_links":{"self":[{"href":"https:\/\/linitiative.ca\/International\/wp-json\/wp\/v2\/posts\/149964","targetHints":{"allow":["GET"]}}],"collection":[{"href":"https:\/\/linitiative.ca\/International\/wp-json\/wp\/v2\/posts"}],"about":[{"href":"https:\/\/linitiative.ca\/International\/wp-json\/wp\/v2\/types\/post"}],"author":[{"embeddable":true,"href":"https:\/\/linitiative.ca\/International\/wp-json\/wp\/v2\/users\/1787"}],"replies":[{"embeddable":true,"href":"https:\/\/linitiative.ca\/International\/wp-json\/wp\/v2\/comments?post=149964"}],"version-history":[{"count":0,"href":"https:\/\/linitiative.ca\/International\/wp-json\/wp\/v2\/posts\/149964\/revisions"}],"wp:attachment":[{"href":"https:\/\/linitiative.ca\/International\/wp-json\/wp\/v2\/media?parent=149964"}],"wp:term":[{"taxonomy":"category","embeddable":true,"href":"https:\/\/linitiative.ca\/International\/wp-json\/wp\/v2\/categories?post=149964"},{"taxonomy":"post_tag","embeddable":true,"href":"https:\/\/linitiative.ca\/International\/wp-json\/wp\/v2\/tags?post=149964"}],"curies":[{"name":"wp","href":"https:\/\/api.w.org\/{rel}","templated":true}]}}