{"id":149970,"date":"2022-06-12T16:18:13","date_gmt":"2022-06-12T20:18:13","guid":{"rendered":"https:\/\/linitiative.ca\/International\/148-000-enfants-au-maroc-sont-victimes-du-travail-des-mineurs\/"},"modified":"2022-06-12T16:18:13","modified_gmt":"2022-06-12T20:18:13","slug":"148-000-enfants-au-maroc-sont-victimes-du-travail-des-mineurs","status":"publish","type":"post","link":"https:\/\/linitiative.ca\/International\/148-000-enfants-au-maroc-sont-victimes-du-travail-des-mineurs\/","title":{"rendered":"148 000 enfants au Maroc sont victimes du travail des mineurs"},"content":{"rendered":"<div><img decoding=\"async\" width=\"640\" height=\"360\" src=\"https:\/\/linitiative.ca\/International\/wp-content\/uploads\/sites\/23\/2022\/06\/travaildesenfants3-1.jpg\" class=\"attachment-post-thumbnail size-post-thumbnail wp-post-image\" alt=\"\" loading=\"lazy\" srcset=\"https:\/\/linitiative.ca\/International\/wp-content\/uploads\/sites\/23\/2022\/06\/travaildesenfants3-1.jpg 640w, https:\/\/www.challenge.ma\/wp-content\/uploads\/2022\/06\/travaildesenfants3-1-300x169.jpg 300w, https:\/\/www.challenge.ma\/wp-content\/uploads\/2022\/06\/travaildesenfants3-1-360x203.jpg 360w\" sizes=\"auto, (max-width: 640px) 100vw, 640px\" itemprop=\"image\">Sur les 7 493 000 habitants du Maroc \u00e2g\u00e9s de 7 \u00e0 17 ans, 148 000 exer\u00e7aient une forme d\u2019activit\u00e9 \u00e9conomique en 2021, selon un nouveau rapport du Haut Commissariat au Plan (HCP). Le rapport note que la proportion d\u2019enfants marocains victimes du travail des mineurs est encore plus \u00e9lev\u00e9e<\/div>\n<p>Auteur: Azeroual Siham<br \/>\n<a href=\"https:\/\/www.challenge.ma\/148-000-enfants-au-maroc-sont-victimes-du-travail-des-mineurs-240481\/\">Cliquez ici pour lire l&rsquo;article depuis sa source.<\/a><\/p>\n","protected":false},"excerpt":{"rendered":"<p>Sur les 7 493 000 habitants du Maroc \u00e2g\u00e9s de 7 \u00e0 17 ans, 148 000 exer\u00e7aient une forme d\u2019activit\u00e9 \u00e9conomique en 2021, selon un nouveau rapport du Haut Commissariat au Plan (HCP). Le rapport note que la proportion d\u2019enfants marocains victimes du travail des mineurs est encore plus \u00e9lev\u00e9e Auteur: Azeroual Siham Cliquez ici [&hellip;]<\/p>\n","protected":false},"author":1787,"featured_media":0,"comment_status":"closed","ping_status":"closed","sticky":false,"template":"","format":"standard","meta":{"fifu_image_url":"https:\/\/www.challenge.ma\/wp-content\/uploads\/2022\/06\/travaildesenfants3-1.jpg","fifu_image_alt":"148 000 enfants au Maroc sont victimes du travail des mineurs","footnotes":""},"categories":[78,54],"tags":[],"class_list":["post-149970","post","type-post","status-publish","format-standard","hentry","category-economie","category-maroc"],"_links":{"self":[{"href":"https:\/\/linitiative.ca\/International\/wp-json\/wp\/v2\/posts\/149970","targetHints":{"allow":["GET"]}}],"collection":[{"href":"https:\/\/linitiative.ca\/International\/wp-json\/wp\/v2\/posts"}],"about":[{"href":"https:\/\/linitiative.ca\/International\/wp-json\/wp\/v2\/types\/post"}],"author":[{"embeddable":true,"href":"https:\/\/linitiative.ca\/International\/wp-json\/wp\/v2\/users\/1787"}],"replies":[{"embeddable":true,"href":"https:\/\/linitiative.ca\/International\/wp-json\/wp\/v2\/comments?post=149970"}],"version-history":[{"count":0,"href":"https:\/\/linitiative.ca\/International\/wp-json\/wp\/v2\/posts\/149970\/revisions"}],"wp:attachment":[{"href":"https:\/\/linitiative.ca\/International\/wp-json\/wp\/v2\/media?parent=149970"}],"wp:term":[{"taxonomy":"category","embeddable":true,"href":"https:\/\/linitiative.ca\/International\/wp-json\/wp\/v2\/categories?post=149970"},{"taxonomy":"post_tag","embeddable":true,"href":"https:\/\/linitiative.ca\/International\/wp-json\/wp\/v2\/tags?post=149970"}],"curies":[{"name":"wp","href":"https:\/\/api.w.org\/{rel}","templated":true}]}}