{"id":149987,"date":"2022-06-12T17:33:20","date_gmt":"2022-06-12T21:33:20","guid":{"rendered":"https:\/\/linitiative.ca\/International\/baisse-du-prix-du-riz-sucre-et-huile-importes-ce-sera-dans-quelques-jours-selon-moumouni-doulkoum-directeur-general-de-la-reglementation-et-du-controle-des-prix-du-mi\/"},"modified":"2022-06-12T17:33:20","modified_gmt":"2022-06-12T21:33:20","slug":"baisse-du-prix-du-riz-sucre-et-huile-importes-ce-sera-dans-quelques-jours-selon-moumouni-doulkoum-directeur-general-de-la-reglementation-et-du-controle-des-prix-du-mi","status":"publish","type":"post","link":"https:\/\/linitiative.ca\/International\/baisse-du-prix-du-riz-sucre-et-huile-importes-ce-sera-dans-quelques-jours-selon-moumouni-doulkoum-directeur-general-de-la-reglementation-et-du-controle-des-prix-du-mi\/","title":{"rendered":"Baisse du prix du riz, sucre et huile import\u00e9s\u00a0: \u00ab\u00a0Ce sera dans quelques jours\u00a0\u00bb, selon Moumouni Doulkoum, directeur g\u00e9n\u00e9ral de la r\u00e9glementation et du contr\u00f4le des prix du minist\u00e8re en charge du Commerce"},"content":{"rendered":"<div>\n<p><strong>Apr\u00e8s l\u2019annonce, le 9 f\u00e9vrier dernier, de la baisse des valeurs en douane du riz, du sucre et de l\u2019huile import\u00e9 faisant suite \u00e0 une dizaine de jours de n\u00e9gociation entre le gouvernement et les op\u00e9rateurs \u00e9conomiques, les Burkinab\u00e8 s\u2019interrogent sur la date d\u2019effet des nouveaux prix sur les march\u00e9s locaux.<\/strong><\/p>\n<p>Selon le directeur g\u00e9n\u00e9ral de la r\u00e9glementation et du contr\u00f4le des prix (DGRCP) du minist\u00e8re en charge du Commerce, Moumouni Doulkoum, ce sera dans quelques jours.<\/p>\n<p style=\"clear: both\"><span class=\"td_btn td_btn_md td_round_btn\">\u00ab\u00a0D\u00e8s la semaine prochaine, le service des douanes, le minist\u00e8re en charge du commerce et les imp\u00f4ts vont s\u2019atteler pour que les populations, en tout cas, dans les prochains jours, puissent commencer \u00e0 sentir les effets des diff\u00e9rentes mesures prises actuellement\u00a0\u00bb, a-t-il d\u00e9clar\u00e9 le vendredi 10 juin 2022 \u00e0 Sidwaya.<\/span><\/p>\n<p>Concr\u00e8tement, l\u2019induction de cette baisse n\u00e9cessite que l\u2019administration douani\u00e8re param\u00e8tre le logiciel de son syst\u00e8me de calcul des droits de douane afin de remplacer l\u2019ancienne valeur par la nouvelle.<\/p>\n<p>Mais pour l\u2019instant, aucune id\u00e9e sur le prix du kilo de riz, de sucre ou du litre d\u2019huile apr\u00e8s l\u2019application des baisses annonc\u00e9es.<\/p>\n<p>\u00ab\u00a0Comme ce sont des produits import\u00e9s, on n\u2019a pas une id\u00e9e sur la valeur d\u2019achat des marchandises. C\u2019est vrai que le gouvernement a consenti une\u00a0 baisse sur la valeur en douane de ces produits mais dans le calcul du prix de revient de la marchandise, on prend en compte le prix d\u2019achat. Ce sont les droits de douane qui vont diminuer et c\u2019est sur cette base que les nouveaux prix des produits seront fix\u00e9s\u00a0\u00bb, d\u00e9taille Moumouni Doulkoum.<\/p>\n<p>A chaque arrivage, les prix seront d\u00e9termin\u00e9s et port\u00e9s \u00e0 la connaissance des consommateurs promet-il.<\/p>\n<p>En tout \u00e9tat de cause, M. Doulkoum garantit que le b\u00e9n\u00e9ficiaire final de ces mesures, c\u2019est bien le consommateur.<\/p>\n<p>\u00ab\u00a0Les importateurs seront oblig\u00e9s de venir d\u00e9poser leurs fiches de d\u00e9composition des prix au niveau du minist\u00e8re du commerce pour que l\u2019on puisse d\u00e9terminer les prix licites prenant en compte cette baisse avant toute commercialisation de leurs produits. Et ces prix seront port\u00e9s \u00e0 la connaissance des consommateurs. Des op\u00e9rations de contr\u00f4le seront organis\u00e9es et intensifi\u00e9es pour faire respecter cette mesure afin que le b\u00e9n\u00e9fice aille au consommateur\u00a0\u00bb, a rassur\u00e9 le directeur g\u00e9n\u00e9ral de la r\u00e9glementation et du contr\u00f4le des prix.<\/p>\n<p>Et \u00e0 propos de contr\u00f4le, le pr\u00e9sident de la Ligue des consommateurs du Burkina (LCB), Dasman\u00e9 Traor\u00e9, qui a pris part aux n\u00e9gociations entre le gouvernement et les op\u00e9rateurs \u00e9conomiques pr\u00e9vient qu\u2019ils seront sur le terrain.<\/p>\n<p><span class=\"td_btn td_btn_md td_shadow_btn\">\u00ab\u00a0Il y aura des sorties. Nous allons indiquer les boutiques, nous allons accompagner l\u2019Etat pour que les boutiquiers soient sensibilis\u00e9s et de fa\u00e7on qu\u2019ils adh\u00e8rent naturellement \u00e0 la chose\u00a0\u00bb, annonce-t-il.<\/span><\/p>\n<p>Mais pour le pr\u00e9sident de la LCB, la veille devrait \u00eatre assur\u00e9e par tous les citoyens. \u00ab\u00a0Cela commence d\u00e9j\u00e0 par l\u2019exigence que les citoyens doivent observer au niveau des structures de vente. Si dans les deux ou trois semaines \u00e0 venir on ne sent pas vraiment cette subvention au niveau du pays, il faut que le citoyen commence \u00e0 s\u2019inqui\u00e9ter, \u00e0 la limite qu\u2019il commence \u00e0 signaler cela de fa\u00e7on \u00e0 ce que des dispositions puissent \u00eatre prises\u00a0\u00bb, interpelle le pr\u00e9sident de la LCB.<\/p>\n<figure id=\"attachment_50753\" aria-describedby=\"caption-attachment-50753\" style=\"width: 696px\" class=\"wp-caption alignnone\"><img loading=\"lazy\" decoding=\"async\" data-attachment-id=\"50753\" data-permalink=\"https:\/\/www.sidwaya.info\/blog\/2022\/06\/12\/baisse-du-prix-du-riz-sucre-et-huile-importes-ce-sera-dans-quelques-jours-selon-moumouni-doulkoum-directeur-general-de-la-reglementation-et-du-controle-des-prix-du-mi\/dasmane-traore-president-de-la-lcb\/\" data-orig-file=\"https:\/\/www.sidwaya.info\/wp-content\/uploads\/2022\/06\/Dasmane-Traore-president-de-la-LCB-scaled-e1655069411864.jpg\" data-orig-size=\"700,394\" data-comments-opened=\"1\" data-image-meta='{\"aperture\":\"3.4\",\"credit\":\"\",\"camera\":\"Canon PowerShot SX400 IS\",\"caption\":\"\",\"created_timestamp\":\"1654865798\",\"copyright\":\"\",\"focal_length\":\"4.3\",\"iso\":\"640\",\"shutter_speed\":\"0.05\",\"title\":\"\",\"orientation\":\"1\"}' data-image-title=\"Dasman\u00e9 Traor\u00e9, pr\u00e9sident de la LCB\" data-image-description=\"\" data-image-caption=\"&lt;p&gt;Le pr\u00e9sident de la Ligue des consommateurs du Burkina, Dasman\u00e9 Traor\u00e9: \u00ab\u00a0Logiquement nous ne devons pas venir \u00e0 la r\u00e9pression parce que tous les vendeurs savent que l\u2019inflation est telle que c\u2019est tout le monde qui en p\u00e2ti aujourd\u2019hui.\u00a0\u00bb \u00a9 : Fab\u00e9 Mamadou Ouattara pour Sidwaya.info. Editions Sidwaya.&lt;\/p&gt;\n\" data-medium-file=\"https:\/\/www.sidwaya.info\/wp-content\/uploads\/2022\/06\/Dasmane-Traore-president-de-la-LCB-scaled-e1655069411864-300x169.jpg\" data-large-file=\"https:\/\/linitiative.ca\/International\/wp-content\/uploads\/sites\/23\/2022\/06\/Dasmane-Traore-president-de-la-LCB-1024x576-1.jpg\" class=\"size-large wp-image-50753\" src=\"https:\/\/linitiative.ca\/International\/wp-content\/uploads\/sites\/23\/2022\/06\/Dasmane-Traore-president-de-la-LCB-1024x576-1.jpg\" alt=\"\" width=\"696\" height=\"392\"><figcaption id=\"caption-attachment-50753\" class=\"wp-caption-text\">Le pr\u00e9sident de la Ligue des consommateurs du Burkina, Dasman\u00e9 Traor\u00e9: \u00ab\u00a0Logiquement nous ne devons pas venir \u00e0 la r\u00e9pression parce que tous les vendeurs savent que l\u2019inflation est telle que c\u2019est tout le monde qui en p\u00e2ti aujourd\u2019hui.\u00a0\u00bb \u00a9 : Fab\u00e9 Mamadou Ouattara pour Sidwaya.info. Editions Sidwaya.<\/figcaption><\/figure>\n<p>C\u2019est d\u2019ailleurs en ce sens qu\u2019un num\u00e9ro vert a \u00e9t\u00e9 institu\u00e9 afin que les populations puissent d\u00e9noncer des cas d\u2019irr\u00e9gularit\u00e9 de prix, rappelle le DGRCP.<\/p>\n<p>\u00ab C\u2019est le 80 00 11 84\u00a0; 80 00 11 85\u00a0; 80 00 11 86.\u00a0Les citoyens commencent \u00e0 comprendre ce r\u00f4le et nos services ont \u00e9t\u00e9 plusieurs fois interpell\u00e9s pour d\u00e9noncer des cas\u00a0\u00bb, pr\u00e9cise-t-il.<\/p>\n<p><span class=\"td_btn td_btn_md td_outlined_btn\">Le 9 janvier dernier, le gouvernement a convenu avec les op\u00e9rateurs \u00e9conomiques d\u2019un certain nombre de mesure pour faire baisser les prix des produits de grande consommation, en l\u2019occurrence, le riz, le sucre et l\u2019huile alimentaire. Ce sont\u00a0:<\/span><\/p>\n<ul>\n<li><span class=\"td_btn td_btn_md td_outlined_btn\">la baisse des valeurs en douane du riz, du sucre et de l\u2019huile alimentaire \u00e0 hauteur de 14\u00a0257 021\u00a0072 FCFA sur une p\u00e9riode de 6 mois.<\/span><\/li>\n<li><span class=\"td_btn td_btn_md td_outlined_btn\">la suspension de l\u2019obtention de certificat d\u2019assurance marchandise qui \u00e9tait exig\u00e9e pour lever la d\u00e9claration pr\u00e9alable d\u2019importation.<\/span><\/li>\n<li><span class=\"td_btn td_btn_md td_outlined_btn\">le maintien du prix du pain \u00e0 150F et baisse du poids \u00e0 160g.<\/span><\/li>\n<li><span class=\"td_btn td_btn_md td_outlined_btn\">la mise en place d\u2019une ligne de cr\u00e9dit de 5 milliards dont les conditions seront fix\u00e9es entre l\u2019Etat, les boulangeries et les \u00e9tablissements financiers.<\/span><\/li>\n<li><span class=\"td_btn td_btn_md td_outlined_btn\">la mise en place d\u2019un programme de renforcement des capacit\u00e9s des boulangeries (formation en mati\u00e8re de gestion)<\/span><\/li>\n<li><span class=\"td_btn td_btn_md td_outlined_btn\">la prise en charge des factures d\u2019\u00e9lectricit\u00e9 et d\u2019eau des boulangeries sur une p\u00e9riode de 3 mois (maximum 150\u00a0000f consacr\u00e9 par boulangerie r\u00e9guli\u00e8rement d\u00e9clar\u00e9e aupr\u00e8s de l\u2019administration fiscale).<\/span><\/li>\n<\/ul>\n<p>A l\u2019\u00e9gard des minoteries (producteurs de farine de bl\u00e9), le gouvernement a soumis l\u2019obtention de l\u2019autorisation d\u2019importation de la farine de bl\u00e9 \u00e0 l\u2019achat une tonne de farine locale pour pouvoir importer 3 tonnes de farine.<\/p>\n<p>Au bout des d\u00e9lais de 6 et 3 mois, le gouvernement une \u00e9valuation sera faite sur l\u2019incidence de ces mesures, pr\u00e9cise Moumouni Doulkoum.<\/p>\n<p><strong>Fab\u00e9 Mamadou OUATTARA<\/strong><\/p>\n<p><strong>Sidwaya.info<\/strong><\/p>\n<\/div>\n<p>Auteur: Wamini SIDWAYA<br \/>\n<a href=\"https:\/\/www.sidwaya.info\/blog\/2022\/06\/12\/baisse-du-prix-du-riz-sucre-et-huile-importes-ce-sera-dans-quelques-jours-selon-moumouni-doulkoum-directeur-general-de-la-reglementation-et-du-controle-des-prix-du-mi\/\">Cliquez ici pour lire l&rsquo;article depuis sa source.<\/a><\/p>\n","protected":false},"excerpt":{"rendered":"<p>Apr\u00e8s l\u2019annonce, le 9 f\u00e9vrier dernier, de la baisse des valeurs en douane du riz, du sucre et de l\u2019huile import\u00e9 faisant suite \u00e0 une dizaine de jours de n\u00e9gociation entre le gouvernement et les op\u00e9rateurs \u00e9conomiques, les Burkinab\u00e8 s\u2019interrogent sur la date d\u2019effet des nouveaux prix sur les march\u00e9s locaux. Selon le directeur g\u00e9n\u00e9ral [&hellip;]<\/p>\n","protected":false},"author":1816,"featured_media":0,"comment_status":"closed","ping_status":"closed","sticky":false,"template":"","format":"standard","meta":{"fifu_image_url":"https:\/\/www.sidwaya.info\/wp-content\/uploads\/2022\/06\/Dasmane-Traore-president-de-la-LCB-1024x576.jpg","fifu_image_alt":"Baisse du prix du riz, sucre et huile import\u00e9s\u00a0: \u00ab\u00a0Ce sera dans quelques jours\u00a0\u00bb, selon Moumouni Doulkoum, directeur g\u00e9n\u00e9ral de la r\u00e9glementation et du contr\u00f4le des prix du minist\u00e8re en charge du Commerce","footnotes":""},"categories":[73,81],"tags":[],"class_list":["post-149987","post","type-post","status-publish","format-standard","hentry","category-actualite","category-burkina-faso"],"_links":{"self":[{"href":"https:\/\/linitiative.ca\/International\/wp-json\/wp\/v2\/posts\/149987","targetHints":{"allow":["GET"]}}],"collection":[{"href":"https:\/\/linitiative.ca\/International\/wp-json\/wp\/v2\/posts"}],"about":[{"href":"https:\/\/linitiative.ca\/International\/wp-json\/wp\/v2\/types\/post"}],"author":[{"embeddable":true,"href":"https:\/\/linitiative.ca\/International\/wp-json\/wp\/v2\/users\/1816"}],"replies":[{"embeddable":true,"href":"https:\/\/linitiative.ca\/International\/wp-json\/wp\/v2\/comments?post=149987"}],"version-history":[{"count":0,"href":"https:\/\/linitiative.ca\/International\/wp-json\/wp\/v2\/posts\/149987\/revisions"}],"wp:attachment":[{"href":"https:\/\/linitiative.ca\/International\/wp-json\/wp\/v2\/media?parent=149987"}],"wp:term":[{"taxonomy":"category","embeddable":true,"href":"https:\/\/linitiative.ca\/International\/wp-json\/wp\/v2\/categories?post=149987"},{"taxonomy":"post_tag","embeddable":true,"href":"https:\/\/linitiative.ca\/International\/wp-json\/wp\/v2\/tags?post=149987"}],"curies":[{"name":"wp","href":"https:\/\/api.w.org\/{rel}","templated":true}]}}