{"id":15000,"date":"2019-02-17T15:43:19","date_gmt":"2019-02-17T20:43:19","guid":{"rendered":"https:\/\/linitiative.ca\/International\/tunisie-derniere-minute-audio-liberation-des-14-tunisiens-detenus-par-un-groupe-arme-en-libye\/"},"modified":"2019-02-17T15:43:19","modified_gmt":"2019-02-17T20:43:19","slug":"tunisie-derniere-minute-audio-liberation-des-14-tunisiens-detenus-par-un-groupe-arme-en-libye","status":"publish","type":"post","link":"https:\/\/linitiative.ca\/International\/tunisie-derniere-minute-audio-liberation-des-14-tunisiens-detenus-par-un-groupe-arme-en-libye\/","title":{"rendered":"Tunisie \u2013 Derni\u00e8re minute\u00a0: AUDIO : Lib\u00e9ration des 14 tunisiens d\u00e9tenus par un groupe arm\u00e9 en Libye"},"content":{"rendered":"<div class=\"post-cont-in left relative\">\n<div class=\"nc_socialPanel swp_flatFresh swp_d_fullColor swp_i_fullColor swp_o_fullColor scale-100 scale-fullWidth\" data-position=\"none\" data-float=\"floatNone\" data-count=\"5\" data-floatcolor=\"#ffffff\" data-emphasize=\"0\">\n<div class=\"nc_tweetContainer totes totesalt\" data-id=\"6\"><span class=\"swp_count\"><span class=\"swp_label\">Partages<\/span> 33<\/span><\/div>\n<\/div>\n<p>L\u2019activiste Mustapha Abdelkebir, vient d\u2019annoncer que les autorit\u00e9s libyennes ont obtenu la lib\u00e9ration des 14 tunisiens qui \u00e9taient retenus en otages par un groupe arm\u00e9 libyen dans la ville de Zouara. Ils se trouveraient, actuellement, entre les mains des agents de s\u00e9curit\u00e9 du m\u00eame district.<\/p>\n<p>Abdelkebir a ajout\u00e9 que leur rapatriement en Tunisie restait tributaire de l\u2019obtention de leurs passeports retenus par l\u2019administration de la soci\u00e9t\u00e9 p\u00e9troli\u00e8re o\u00f9 ils travaillaient.<\/p>\n<div class=\"code-block code-block-1 c4\"><ins class=\"adsbygoogle c3\" data-ad-layout=\"in-article\" data-ad-format=\"fluid\" data-ad-client=\"ca-pub-2102118777505746\" data-ad-slot=\"7301775417\"\/> <\/div>\n<p><a href=\"https:\/\/www.tunisienumerique.com\/wp-content\/uploads\/2019\/02\/Mustapha-Abdelkebir.mp3\">https:\/\/www.tunisienumerique.com\/wp-content\/uploads\/2019\/02\/Mustapha-Abdelkebir.mp3<\/a><\/p>\n<div class=\"mvp-org-wrap mvp-org-logo\" itemprop=\"publisher\" itemscope=\"\" itemtype=\"https:\/\/schema.org\/Organization\"><img decoding=\"async\" src=\"https:\/\/www.tunisienumerique.com\/wp-content\/uploads\/2017\/02\/logo_tunisie_numerique.png\"\/><\/div>\n<div class=\"nc_socialPanel swp_flatFresh swp_d_fullColor swp_i_fullColor swp_o_fullColor scale-100 scale-fullWidth\" data-position=\"none\" data-float=\"floatNone\" data-count=\"5\" data-floatcolor=\"#ffffff\" data-emphasize=\"0\">\n<div class=\"nc_tweetContainer totes totesalt\" data-id=\"6\"><span class=\"swp_count\"><span class=\"swp_label\">Partages<\/span> 33<\/span><\/div>\n<\/div>\n<div class=\"mvp-related-posts left relative\">\n<h4 class=\"post-header\"><span class=\"post-header\">Lire aussi<\/span><\/h4>\n<\/div>\n<\/div>\n<p>Auteur: LM<br \/>\n<a href=\"https:\/\/www.tunisienumerique.com\/tunisie-derniere-minute-liberation-des-14-tunisiens-detenus-par-un-groupe-arme-en-libye\/\">Cliquez ici pour lire l&rsquo;article depuis sa source.<\/a><\/p>\n","protected":false},"excerpt":{"rendered":"<p>Partages 33 L\u2019activiste Mustapha Abdelkebir, vient d\u2019annoncer que les autorit\u00e9s libyennes ont obtenu la lib\u00e9ration des 14 tunisiens qui \u00e9taient retenus en otages par un groupe arm\u00e9 libyen dans la ville de Zouara. Ils se trouveraient, actuellement, entre les mains des agents de s\u00e9curit\u00e9 du m\u00eame district. Abdelkebir a ajout\u00e9 que leur rapatriement en Tunisie [&hellip;]<\/p>\n","protected":false},"author":1789,"featured_media":15001,"comment_status":"closed","ping_status":"closed","sticky":false,"template":"","format":"standard","meta":{"fifu_image_url":"","fifu_image_alt":"","footnotes":""},"categories":[73,55],"tags":[],"class_list":["post-15000","post","type-post","status-publish","format-standard","has-post-thumbnail","hentry","category-actualite","category-tunisie"],"_links":{"self":[{"href":"https:\/\/linitiative.ca\/International\/wp-json\/wp\/v2\/posts\/15000","targetHints":{"allow":["GET"]}}],"collection":[{"href":"https:\/\/linitiative.ca\/International\/wp-json\/wp\/v2\/posts"}],"about":[{"href":"https:\/\/linitiative.ca\/International\/wp-json\/wp\/v2\/types\/post"}],"author":[{"embeddable":true,"href":"https:\/\/linitiative.ca\/International\/wp-json\/wp\/v2\/users\/1789"}],"replies":[{"embeddable":true,"href":"https:\/\/linitiative.ca\/International\/wp-json\/wp\/v2\/comments?post=15000"}],"version-history":[{"count":0,"href":"https:\/\/linitiative.ca\/International\/wp-json\/wp\/v2\/posts\/15000\/revisions"}],"wp:featuredmedia":[{"embeddable":true,"href":"https:\/\/linitiative.ca\/International\/wp-json\/"}],"wp:attachment":[{"href":"https:\/\/linitiative.ca\/International\/wp-json\/wp\/v2\/media?parent=15000"}],"wp:term":[{"taxonomy":"category","embeddable":true,"href":"https:\/\/linitiative.ca\/International\/wp-json\/wp\/v2\/categories?post=15000"},{"taxonomy":"post_tag","embeddable":true,"href":"https:\/\/linitiative.ca\/International\/wp-json\/wp\/v2\/tags?post=15000"}],"curies":[{"name":"wp","href":"https:\/\/api.w.org\/{rel}","templated":true}]}}